{"id":211907,"date":"2025-06-28T22:16:09","date_gmt":"2025-06-28T22:16:09","guid":{"rendered":"https:\/\/www.europesays.com\/fr\/211907\/"},"modified":"2025-06-28T22:16:09","modified_gmt":"2025-06-28T22:16:09","slug":"elodie-frege-ce-tournage-atroce-qui-la-confrontee-au-pire-il-y-avait-un-cercueil-avec-un-mec-mort-dedans","status":"publish","type":"post","link":"https:\/\/www.europesays.com\/fr\/211907\/","title":{"rendered":"Elodie Fr\u00e9g\u00e9, ce tournage atroce qui l&rsquo;a confront\u00e9e au pire : \u00ab\u00a0Il y avait un cercueil avec un mec mort dedans\u00a0\u00bb"},"content":{"rendered":"<p>      R\u00e9sum\u00e9<\/p>\n<p>Elodie Fr\u00e9g\u00e9 a v\u00e9cu une exp\u00e9rience marquante lors d\u2019un spectacle en Russie, confront\u00e9e \u00e0 un lieu lugubre o\u00f9 un cercueil contenant un corps authentique la surprit avant son show.<\/p>\n<p>        Sommaire<\/p>\n<p>Depuis quelques mois, <strong>Laurent Baffie s&rsquo;\u00e9clate sur les r\u00e9seaux sociaux<\/strong> avec son \u00e9mission Coloscopie, dans laquelle il invite des personnalit\u00e9s \u00e0 se confier sur des anecdotes de vie surprenantes. Et la derni\u00e8re en date, racont\u00e9e par la chanteuse et actrice Elodie Fr\u00e9g\u00e9, l&rsquo;a litt\u00e9ralement scotch\u00e9 ! En effet, <a href=\"https:\/\/www.public.fr\/exclu-public-elodie-frege-star-academy-sa-nouvelle-conquete-un-vrai-top-chef\" target=\"_blank\" rel=\"noopener\">la gagnante de la Star Academy<\/a> a r\u00e9v\u00e9l\u00e9 avoir d\u00fb assurer un show en Russie il y a quelques ann\u00e9es, dans des conditions extr\u00eames, et d&rsquo;une rare atrocit\u00e9&#8230;<\/p>\n<p>Comme elle l&rsquo;a r\u00e9v\u00e9l\u00e9 \u00e0 <a href=\"https:\/\/vsd.fr\/53332-meme-mon-pere-ne-ma-pas-reconnu-laurent-baffie-se-confie-sur-la-chirurgie-esthetique\/\" target=\"_blank\" rel=\"noopener\">Laurent Baffie<\/a>, Elodie Fr\u00e9g\u00e9 s&rsquo;est retrouv\u00e9e \u00e0 jouer en Russie dans un lieu tr\u00e8s sombre. Un endroit tr\u00e8s anxiog\u00e8ne et qui renfermait&#8230; des cercueils authentiques. En effet, pensant entrer dans sa loge, la chanteuse s&rsquo;est tromp\u00e9e de porte et <strong>s&rsquo;est retrouv\u00e9e nez-\u00e0-nez avec un cadavre<\/strong>. Une sensation qu&rsquo;elle n&rsquo;a pas oubli\u00e9e et qui peut correspondre au show qu&rsquo;elle a effectivement donn\u00e9 le 11 juillet 2015 en Russie comme le r\u00e9v\u00e8lent diff\u00e9rentes vid\u00e9os post\u00e9es sur les r\u00e9seaux sociaux \u00e0 l&rsquo;\u00e9poque&#8230;<\/p>\n<p>Elodie Fr\u00e9g\u00e9 face \u00e0 des gens peu fr\u00e9quentables ?<\/p>\n<p>\u00ab\u00a0Un jour je jouais avec d&rsquo;autres artistiques f\u00e9minines fran\u00e7aises <strong>dans une cave, un caveau, un club en Russie<\/strong>. Je me plante de porte, de loge, et je rentre dans une pi\u00e8ce dans laquelle je n&rsquo;\u00e9tais pas suppos\u00e9e rentrer. On jouait un truc bizarre, un mafieux. Et <strong>il y avait un cercueil, avec un vrai mec, mort, dedans. Mais c&rsquo;\u00e9tait un vrai mec<\/strong>\u00a0\u00bb s&rsquo;est souvenue Elodie Fr\u00e9g\u00e9.<\/p>\n<p>Mais a posteriori, l&rsquo;actrice, que l&rsquo;on retrouvera prochainement dans Meurtres \u00e0 Millau sur France 3 au c\u00f4t\u00e9 de <strong>Jean-Pierre Darroussin<\/strong>, pense que les gens qui les ont appel\u00e9s n&rsquo;\u00e9taient pas vraiment fr\u00e9quentables&#8230;<\/p>\n<p>\u00ab\u00a0On \u00e9tait extr\u00eamement choqu\u00e9s, on a quand m\u00eame fait le show, et \u00e7a a \u00e9t\u00e9 un souvenir\u2026 tr\u00e8s bizarre. On jouait, je pense, pour des gens pas tr\u00e8s bien fam\u00e9s. <strong>Je me suis plant\u00e9 de porte, et un mec hurle derri\u00e8re moi et j&rsquo;ai eu le temps de voir<\/strong>\u2026 Il faisait hyper froid, et il y avait un mec mort\u00a0\u00bb a ainsi conclu l&rsquo;artiste. Un souvenir imp\u00e9rissable, qu&rsquo;elle n&rsquo;est pas pr\u00eate d&rsquo;oublier&#8230; Et on le comprend !<\/p>\n<p>      Mentionn\u00e9s dans cet article<\/p>\n<p>\u00c0 lire aussi<\/p>\n","protected":false},"excerpt":{"rendered":"R\u00e9sum\u00e9 Elodie Fr\u00e9g\u00e9 a v\u00e9cu une exp\u00e9rience marquante lors d\u2019un spectacle en Russie, confront\u00e9e \u00e0 un lieu lugubre&hellip;\n","protected":false},"author":2,"featured_media":211908,"comment_status":"","ping_status":"","sticky":false,"template":"","format":"standard","meta":{"footnotes":""},"categories":[1355],"tags":[30197,1697,58,30120,59,1011,27,7547,18,1361,873,132],"class_list":{"0":"post-211907","1":"post","2":"type-post","3":"status-publish","4":"format-standard","5":"has-post-thumbnail","7":"category-musique","8":"tag-cadavre","9":"tag-concert","10":"tag-divertissement","11":"tag-elodie-frege","12":"tag-entertainment","13":"tag-fr","14":"tag-france","15":"tag-laurent-baffie","16":"tag-mort","17":"tag-music","18":"tag-musique","19":"tag-russie"},"share_on_mastodon":{"url":"","error":""},"_links":{"self":[{"href":"https:\/\/www.europesays.com\/fr\/wp-json\/wp\/v2\/posts\/211907","targetHints":{"allow":["GET"]}}],"collection":[{"href":"https:\/\/www.europesays.com\/fr\/wp-json\/wp\/v2\/posts"}],"about":[{"href":"https:\/\/www.europesays.com\/fr\/wp-json\/wp\/v2\/types\/post"}],"author":[{"embeddable":true,"href":"https:\/\/www.europesays.com\/fr\/wp-json\/wp\/v2\/users\/2"}],"replies":[{"embeddable":true,"href":"https:\/\/www.europesays.com\/fr\/wp-json\/wp\/v2\/comments?post=211907"}],"version-history":[{"count":0,"href":"https:\/\/www.europesays.com\/fr\/wp-json\/wp\/v2\/posts\/211907\/revisions"}],"wp:featuredmedia":[{"embeddable":true,"href":"https:\/\/www.europesays.com\/fr\/wp-json\/wp\/v2\/media\/211908"}],"wp:attachment":[{"href":"https:\/\/www.europesays.com\/fr\/wp-json\/wp\/v2\/media?parent=211907"}],"wp:term":[{"taxonomy":"category","embeddable":true,"href":"https:\/\/www.europesays.com\/fr\/wp-json\/wp\/v2\/categories?post=211907"},{"taxonomy":"post_tag","embeddable":true,"href":"https:\/\/www.europesays.com\/fr\/wp-json\/wp\/v2\/tags?post=211907"}],"curies":[{"name":"wp","href":"https:\/\/api.w.org\/{rel}","templated":true}]}}