{"id":211929,"date":"2025-06-28T22:27:19","date_gmt":"2025-06-28T22:27:19","guid":{"rendered":"https:\/\/www.europesays.com\/fr\/211929\/"},"modified":"2025-06-28T22:27:19","modified_gmt":"2025-06-28T22:27:19","slug":"steel-bonobo-prend-ses-quartiers-a-la-place-de-jennyfer","status":"publish","type":"post","link":"https:\/\/www.europesays.com\/fr\/211929\/","title":{"rendered":"STEEL : BONOBO PREND SES QUARTIERS \u00c0 LA PLACE DE JENNYFER"},"content":{"rendered":"<p>L\u2019espace pr\u00e9c\u00e9demment occup\u00e9 par Jennyfer arbore d\u00e9sormais les couleurs de Bonobo, marquant une transition rapide apr\u00e8s la fermeture de l\u2019ancienne enseigne.<\/p>\n<p>Cette substitution s\u2019inscrit dans le contexte difficile travers\u00e9 par Jennyfer, dont la liquidation nationale a contraint \u00e0 la fermeture de nombreux points de vente \u00e0 travers l\u2019Hexagone.<\/p>\n<p>Une marque aux valeurs affirm\u00e9es<\/p>\n<p>Le nouvel occupant se distingue par son positionnement \u00e9thique dans l\u2019univers textile. Bonobo revendique une approche plus respectueuse de l\u2019environnement et des conditions de production, r\u00e9pondant aux attentes croissantes d\u2019une client\u00e8le soucieuse de l\u2019impact de ses achats vestimentaires.<\/p>\n<p>Cette philosophie commerciale s\u2019inscrit parfaitement dans les tendances actuelles du secteur, o\u00f9 les consommateurs privil\u00e9gient de plus en plus les marques engag\u00e9es dans une d\u00e9marche de d\u00e9veloppement durable.<\/p>\n<p>Sixi\u00e8me implantation lig\u00e9rienne<\/p>\n<p>Cette installation \u00e0 Steel consolide la pr\u00e9sence d\u00e9partementale de l\u2019enseigne, qui dispose d\u00e9j\u00e0 de boutiques au Centre Deux st\u00e9phanois et dans la zone commerciale d\u2019Auchan \u00e0 Villars. Cette sixi\u00e8me ouverture lig\u00e9rienne t\u00e9moigne de la strat\u00e9gie d\u2019expansion territoriale men\u00e9e par la marque dans la r\u00e9gion.<\/p>\n<p>Le maillage commercial ainsi constitu\u00e9 permet \u00e0 Bonobo de toucher diff\u00e9rents bassins de client\u00e8le \u00e0 travers le d\u00e9partement, optimisant sa couverture g\u00e9ographique sur le territoire lig\u00e9rien.<\/p>\n","protected":false},"excerpt":{"rendered":"L\u2019espace pr\u00e9c\u00e9demment occup\u00e9 par Jennyfer arbore d\u00e9sormais les couleurs de Bonobo, marquant une transition rapide apr\u00e8s la fermeture&hellip;\n","protected":false},"author":2,"featured_media":211930,"comment_status":"","ping_status":"","sticky":false,"template":"","format":"standard","meta":{"footnotes":""},"categories":[9653],"tags":[1111,11,2430,33,1777,674,1011,27,3367,12,25,4001],"class_list":{"0":"post-211929","1":"post","2":"type-post","3":"status-publish","4":"format-standard","5":"has-post-thumbnail","7":"category-saint-etienne","8":"tag-actu","9":"tag-actualites","10":"tag-auvergne-rhone-alpes","11":"tag-economie","12":"tag-eu","13":"tag-europe","14":"tag-fr","15":"tag-france","16":"tag-loire","17":"tag-news","18":"tag-republique-francaise","19":"tag-saint-etienne"},"share_on_mastodon":{"url":"","error":""},"_links":{"self":[{"href":"https:\/\/www.europesays.com\/fr\/wp-json\/wp\/v2\/posts\/211929","targetHints":{"allow":["GET"]}}],"collection":[{"href":"https:\/\/www.europesays.com\/fr\/wp-json\/wp\/v2\/posts"}],"about":[{"href":"https:\/\/www.europesays.com\/fr\/wp-json\/wp\/v2\/types\/post"}],"author":[{"embeddable":true,"href":"https:\/\/www.europesays.com\/fr\/wp-json\/wp\/v2\/users\/2"}],"replies":[{"embeddable":true,"href":"https:\/\/www.europesays.com\/fr\/wp-json\/wp\/v2\/comments?post=211929"}],"version-history":[{"count":0,"href":"https:\/\/www.europesays.com\/fr\/wp-json\/wp\/v2\/posts\/211929\/revisions"}],"wp:featuredmedia":[{"embeddable":true,"href":"https:\/\/www.europesays.com\/fr\/wp-json\/wp\/v2\/media\/211930"}],"wp:attachment":[{"href":"https:\/\/www.europesays.com\/fr\/wp-json\/wp\/v2\/media?parent=211929"}],"wp:term":[{"taxonomy":"category","embeddable":true,"href":"https:\/\/www.europesays.com\/fr\/wp-json\/wp\/v2\/categories?post=211929"},{"taxonomy":"post_tag","embeddable":true,"href":"https:\/\/www.europesays.com\/fr\/wp-json\/wp\/v2\/tags?post=211929"}],"curies":[{"name":"wp","href":"https:\/\/api.w.org\/{rel}","templated":true}]}}