{"id":211931,"date":"2025-06-28T22:31:21","date_gmt":"2025-06-28T22:31:21","guid":{"rendered":"https:\/\/www.europesays.com\/fr\/211931\/"},"modified":"2025-06-28T22:31:21","modified_gmt":"2025-06-28T22:31:21","slug":"la-facade-de-limmeuble-en-peril-place-des-vosges-est-lentement-demontee","status":"publish","type":"post","link":"https:\/\/www.europesays.com\/fr\/211931\/","title":{"rendered":"la fa\u00e7ade de l&rsquo;immeuble en p\u00e9ril place des Vosges est lentement d\u00e9mont\u00e9e"},"content":{"rendered":"<p>Le 5 mars dernier, le 6-8 place des Vosges a \u00e9t\u00e9 \u00e9vacu\u00e9 en urgence. L&rsquo;immeuble pr\u00e9sentant des d\u00e9sordres importants, un arr\u00eat\u00e9 \u00ab\u00a0Mise en s\u00e9curit\u00e9 d\u2019urgence \u2013 P\u00e9ril imminent \u00a0\u00bb a \u00e9t\u00e9 pris par le maire Mathieu Klein. Une partie de la place des Vosges\u00a0 a d\u00fb \u00eatre coup\u00e9e \u00e0 la circulation. Apr\u00e8s une pr\u00e9paration minutieuse, le d\u00e9montage de la fa\u00e7ade a d\u00e9but\u00e9.<\/p>\n","protected":false},"excerpt":{"rendered":"Le 5 mars dernier, le 6-8 place des Vosges a \u00e9t\u00e9 \u00e9vacu\u00e9 en urgence. L&rsquo;immeuble pr\u00e9sentant des d\u00e9sordres&hellip;\n","protected":false},"author":2,"featured_media":211932,"comment_status":"","ping_status":"","sticky":false,"template":"","format":"standard","meta":{"footnotes":""},"categories":[9635],"tags":[1111,11,1704,1777,674,274,1011,27,2798,775,1702,12,25],"class_list":{"0":"post-211931","1":"post","2":"type-post","3":"status-publish","4":"format-standard","5":"has-post-thumbnail","7":"category-nancy","8":"tag-actu","9":"tag-actualites","10":"tag-edition-nancy-et-agglomeration","11":"tag-eu","12":"tag-europe","13":"tag-faits-divers-justice","14":"tag-fr","15":"tag-france","16":"tag-galerie-photo","17":"tag-grand-est","18":"tag-nancy","19":"tag-news","20":"tag-republique-francaise"},"share_on_mastodon":{"url":"","error":""},"_links":{"self":[{"href":"https:\/\/www.europesays.com\/fr\/wp-json\/wp\/v2\/posts\/211931","targetHints":{"allow":["GET"]}}],"collection":[{"href":"https:\/\/www.europesays.com\/fr\/wp-json\/wp\/v2\/posts"}],"about":[{"href":"https:\/\/www.europesays.com\/fr\/wp-json\/wp\/v2\/types\/post"}],"author":[{"embeddable":true,"href":"https:\/\/www.europesays.com\/fr\/wp-json\/wp\/v2\/users\/2"}],"replies":[{"embeddable":true,"href":"https:\/\/www.europesays.com\/fr\/wp-json\/wp\/v2\/comments?post=211931"}],"version-history":[{"count":0,"href":"https:\/\/www.europesays.com\/fr\/wp-json\/wp\/v2\/posts\/211931\/revisions"}],"wp:featuredmedia":[{"embeddable":true,"href":"https:\/\/www.europesays.com\/fr\/wp-json\/wp\/v2\/media\/211932"}],"wp:attachment":[{"href":"https:\/\/www.europesays.com\/fr\/wp-json\/wp\/v2\/media?parent=211931"}],"wp:term":[{"taxonomy":"category","embeddable":true,"href":"https:\/\/www.europesays.com\/fr\/wp-json\/wp\/v2\/categories?post=211931"},{"taxonomy":"post_tag","embeddable":true,"href":"https:\/\/www.europesays.com\/fr\/wp-json\/wp\/v2\/tags?post=211931"}],"curies":[{"name":"wp","href":"https:\/\/api.w.org\/{rel}","templated":true}]}}