{"id":211940,"date":"2025-06-28T22:40:25","date_gmt":"2025-06-28T22:40:25","guid":{"rendered":"https:\/\/www.europesays.com\/fr\/211940\/"},"modified":"2025-06-28T22:40:25","modified_gmt":"2025-06-28T22:40:25","slug":"saint-jacques-de-la-lande-bretagne-carburation-change-de-proprietaire","status":"publish","type":"post","link":"https:\/\/www.europesays.com\/fr\/211940\/","title":{"rendered":"Saint-Jacques-de-la-Lande. Bretagne carburation change de propri\u00e9taire"},"content":{"rendered":"<p>\u00a0Je suis passionn\u00e9 depuis mon enfance de sports automobiles et de voitures anciennes. Mais apr\u00e8s un BEP et un bac pro mention compl\u00e9mentaire \u00e9lectricit\u00e9 automobile, j\u2019ai failli arr\u00eater la m\u00e9canique. J\u2019avais 19\u00a0ans et je ne m\u2019y retrouvais pas\u00a0, avoue Arnaud Fontaine.<\/p>\n<p>Au moment de changer d\u2019orientation, gr\u00e2ce au bouche-\u00e0-oreille, il rencontre Pascal Maurais, fondateur, en 2001, de Bretagne carburation.<\/p>\n<p>Cette entreprise est sp\u00e9cialis\u00e9e dans le r\u00e9glage de moteurs de voitures anciennes et en maintenance de voitures GPL. Elle assure aussi l\u2019entretien de v\u00e9hicules toutes marques et vend en ligne des pi\u00e8ces pour les carburateurs.<\/p>\n<p>\u00c0 l\u2019heure de la retraite, apr\u00e8s seize ans \u00e0 travailler l\u2019un avec l\u2019autre, Pascal Maurais transmet les cl\u00e9s de l\u2019entreprise \u00e0 Arnaud Fontaine. \u00a0La carburation c\u2019est comme de l\u2019horlogerie\u00a0: il faut \u00eatre minutieux et passionn\u00e9. La pratique intensive est aussi n\u00e9cessaire pour conna\u00eetre les diff\u00e9rents types de carburateurs. C\u2019est un savoir-faire qui n\u2019est pas enseign\u00e9. Je suis fier d\u2019avoir su le transmettre, reconna\u00eet l\u2019ancien chef d\u2019entreprise. Nos clients sont aussi enthousiastes que nous. Il y a beaucoup de discussions. On ne vient pas seulement d\u00e9poser ses cl\u00e9s ou r\u00e9cup\u00e9rer le v\u00e9hicule.\u00a0<\/p>\n<p>Son successeur approuve. \u00a0Rien ne va changer. Pascal m\u2019a tout transmis. Je vais donc garder le nom de l\u2019entreprise et essayer de faire aussi bien. Je lui suis extr\u00eamement reconnaissant.\u00a0<\/p>\n<p>Une personne a \u00e9t\u00e9 embauch\u00e9e pour succ\u00e9der au partant et rejoindre l\u2019\u00e9quipe compos\u00e9e de trois techniciens.<\/p>\n<p>\u00a0<\/p>\n","protected":false},"excerpt":{"rendered":"\u00a0Je suis passionn\u00e9 depuis mon enfance de sports automobiles et de voitures anciennes. Mais apr\u00e8s un BEP et&hellip;\n","protected":false},"author":2,"featured_media":211941,"comment_status":"","ping_status":"","sticky":false,"template":"","format":"standard","meta":{"footnotes":""},"categories":[2821],"tags":[1111,11,829,35169,6861,1777,674,1011,27,12,8297,3086,584,25,18461],"class_list":{"0":"post-211940","1":"post","2":"type-post","3":"status-publish","4":"format-standard","5":"has-post-thumbnail","7":"category-rennes","8":"tag-actu","9":"tag-actualites","10":"tag-bretagne","11":"tag-carburation","12":"tag-change","13":"tag-eu","14":"tag-europe","15":"tag-fr","16":"tag-france","17":"tag-news","18":"tag-proprietaire","19":"tag-redon","20":"tag-rennes","21":"tag-republique-francaise","22":"tag-saint-jacques-de-la-lande"},"share_on_mastodon":{"url":"","error":""},"_links":{"self":[{"href":"https:\/\/www.europesays.com\/fr\/wp-json\/wp\/v2\/posts\/211940","targetHints":{"allow":["GET"]}}],"collection":[{"href":"https:\/\/www.europesays.com\/fr\/wp-json\/wp\/v2\/posts"}],"about":[{"href":"https:\/\/www.europesays.com\/fr\/wp-json\/wp\/v2\/types\/post"}],"author":[{"embeddable":true,"href":"https:\/\/www.europesays.com\/fr\/wp-json\/wp\/v2\/users\/2"}],"replies":[{"embeddable":true,"href":"https:\/\/www.europesays.com\/fr\/wp-json\/wp\/v2\/comments?post=211940"}],"version-history":[{"count":0,"href":"https:\/\/www.europesays.com\/fr\/wp-json\/wp\/v2\/posts\/211940\/revisions"}],"wp:featuredmedia":[{"embeddable":true,"href":"https:\/\/www.europesays.com\/fr\/wp-json\/wp\/v2\/media\/211941"}],"wp:attachment":[{"href":"https:\/\/www.europesays.com\/fr\/wp-json\/wp\/v2\/media?parent=211940"}],"wp:term":[{"taxonomy":"category","embeddable":true,"href":"https:\/\/www.europesays.com\/fr\/wp-json\/wp\/v2\/categories?post=211940"},{"taxonomy":"post_tag","embeddable":true,"href":"https:\/\/www.europesays.com\/fr\/wp-json\/wp\/v2\/tags?post=211940"}],"curies":[{"name":"wp","href":"https:\/\/api.w.org\/{rel}","templated":true}]}}