{"id":211943,"date":"2025-06-28T22:42:45","date_gmt":"2025-06-28T22:42:45","guid":{"rendered":"https:\/\/www.europesays.com\/fr\/211943\/"},"modified":"2025-06-28T22:42:45","modified_gmt":"2025-06-28T22:42:45","slug":"strasbourg-quatre-mois-ferme-pour-le-mari-violent-et-humiliant","status":"publish","type":"post","link":"https:\/\/www.europesays.com\/fr\/211943\/","title":{"rendered":"Strasbourg. Quatre mois ferme pour le mari violent et humiliant"},"content":{"rendered":"<p>\u00c2g\u00e9 de 30 ans, le pr\u00e9venu compara\u00eet pour des violences sans incapacit\u00e9 inflig\u00e9es \u00e0 sa compagne le 1er \u00a0juin et l\u2019envoi de nombreux messages malveillants. Les faits se sont produits \u00e0 Lingolsheim, Duppigheim et Strasbourg.<\/p>\n<p>Cette affaire a pu \u00eatre mise au jour par le biais d\u2019une autre enqu\u00eate pour violences, men\u00e9e par la gendarmerie, impliquant le m\u00eame suspect mais une autre jeune femme, \u00e0 savoir l\u2019une de ses ma\u00eetresses. Lors des investigations, les militaires ont exploit\u00e9 le&#8230;<\/p>\n","protected":false},"excerpt":{"rendered":"\u00c2g\u00e9 de 30 ans, le pr\u00e9venu compara\u00eet pour des violences sans incapacit\u00e9 inflig\u00e9es \u00e0 sa compagne le 1er&hellip;\n","protected":false},"author":2,"featured_media":211944,"comment_status":"","ping_status":"","sticky":false,"template":"","format":"standard","meta":{"footnotes":""},"categories":[2820],"tags":[1111,11,271,272,2880,1777,674,274,107,1011,27,775,12,25,640,2879],"class_list":{"0":"post-211943","1":"post","2":"type-post","3":"status-publish","4":"format-standard","5":"has-post-thumbnail","7":"category-strasbourg","8":"tag-actu","9":"tag-actualites","10":"tag-crime","11":"tag-delit-et-contravention","12":"tag-edition-strasbourg","13":"tag-eu","14":"tag-europe","15":"tag-faits-divers-justice","16":"tag-fil-info","17":"tag-fr","18":"tag-france","19":"tag-grand-est","20":"tag-news","21":"tag-republique-francaise","22":"tag-strasbourg","23":"tag-strasbourg-ville"},"share_on_mastodon":{"url":"","error":""},"_links":{"self":[{"href":"https:\/\/www.europesays.com\/fr\/wp-json\/wp\/v2\/posts\/211943","targetHints":{"allow":["GET"]}}],"collection":[{"href":"https:\/\/www.europesays.com\/fr\/wp-json\/wp\/v2\/posts"}],"about":[{"href":"https:\/\/www.europesays.com\/fr\/wp-json\/wp\/v2\/types\/post"}],"author":[{"embeddable":true,"href":"https:\/\/www.europesays.com\/fr\/wp-json\/wp\/v2\/users\/2"}],"replies":[{"embeddable":true,"href":"https:\/\/www.europesays.com\/fr\/wp-json\/wp\/v2\/comments?post=211943"}],"version-history":[{"count":0,"href":"https:\/\/www.europesays.com\/fr\/wp-json\/wp\/v2\/posts\/211943\/revisions"}],"wp:featuredmedia":[{"embeddable":true,"href":"https:\/\/www.europesays.com\/fr\/wp-json\/wp\/v2\/media\/211944"}],"wp:attachment":[{"href":"https:\/\/www.europesays.com\/fr\/wp-json\/wp\/v2\/media?parent=211943"}],"wp:term":[{"taxonomy":"category","embeddable":true,"href":"https:\/\/www.europesays.com\/fr\/wp-json\/wp\/v2\/categories?post=211943"},{"taxonomy":"post_tag","embeddable":true,"href":"https:\/\/www.europesays.com\/fr\/wp-json\/wp\/v2\/tags?post=211943"}],"curies":[{"name":"wp","href":"https:\/\/api.w.org\/{rel}","templated":true}]}}