{"id":211945,"date":"2025-06-28T22:43:41","date_gmt":"2025-06-28T22:43:41","guid":{"rendered":"https:\/\/www.europesays.com\/fr\/211945\/"},"modified":"2025-06-28T22:43:41","modified_gmt":"2025-06-28T22:43:41","slug":"a-strasbourg-6-lieux-queers-pour-faire-la-fete","status":"publish","type":"post","link":"https:\/\/www.europesays.com\/fr\/211945\/","title":{"rendered":"\u00e0 Strasbourg, 6 lieux queers pour faire la f\u00eate"},"content":{"rendered":"<p>    <img loading=\"lazy\" width=\"1800\" height=\"900\" src=\"https:\/\/www.europesays.com\/fr\/wp-content\/uploads\/2025\/04\/jeanne-callthepolice.jpg\" class=\"attachment-full size-full\" alt=\"\" id=\"imageLove\" decoding=\"async\"  \/><\/p>\n<p id=\"breadcrumbs\"><a href=\"https:\/\/pokaa.fr\/\" target=\"_blank\" rel=\"noopener\">Accueil<\/a> \/ <a href=\"https:\/\/pokaa.fr\/categories\/ses-sorties\/\" target=\"_blank\" rel=\"noopener\">Sorties<\/a> \/ Personnes LGBTQIA+ et alli\u00e9(e)s : \u00e0 Strasbourg, 6 lieux queers pour faire la f\u00eate<\/p>\n<p>                    Sorties<\/p>\n<p><strong>Si le Mois des Visibilit\u00e9s est termin\u00e9, c\u2019est toute l\u2019ann\u00e9e que la communaut\u00e9 LGBTQIA+ doit pouvoir se sentir en s\u00e9curit\u00e9. \u00c0 Strasbourg, entre adresses embl\u00e9matiques et \u00e9v\u00e9nements festifs, voici un petit panorama de 11 lieux o\u00f9 sortir, pour profiter \u00e0 100% de la culture queer.\u00a0<\/strong><\/p>\n<p data-start=\"490\" data-end=\"1137\">Si Strasbourg est souvent reconnue pour sa richesse culturelle et son patrimoine europ\u00e9en, elle est aussi le berceau d\u2019une vie queer particuli\u00e8rement active. En effet, <strong>la ville offre plusieurs adresses \u00e0 celles et ceux qui veulent danser<\/strong>, rencontrer des personnes ou <strong>simplement vivre pleinement leur identit\u00e9, en toute s\u00e9curit\u00e9 <\/strong>\u2013 surtout quand on sait que <a href=\"https:\/\/www.vie-publique.fr\/en-bref\/298584-homophobie-des-chiffres-en-hausse-en-2024\" target=\"_blank\" rel=\"noopener\">les infractions anti-LGBTQIA+ sont en hausse<\/a>.<\/p>\n<p data-start=\"490\" data-end=\"1137\"><strong>Pour n\u2019en rater aucune, voici notre petite s\u00e9lection de lieux \u00e0 d\u00e9couvrir ou \u00e0 red\u00e9couvrir, <\/strong>entre personnes queers et\/ou avec des alli\u00e9(e)s !<\/p>\n<p>                <a href=\"https:\/\/pokaa.fr\/2022\/09\/22\/strasbourg-ville-safe-pour-la-communaute-lgbtqi\/\" target=\"_blank\" rel=\"noopener\"><br \/>\n                    <img width=\"450\" height=\"270\" src=\"https:\/\/www.europesays.com\/fr\/wp-content\/uploads\/2025\/04\/strasbourg-alsace-ville-safe-lgbtqi-1-450x270.jpg\" class=\"attachment-card-horizontal--same-subject size-card-horizontal--same-subject wp-post-image\" alt=\"\" decoding=\"async\" loading=\"lazy\"\/>                <\/a><\/p>\n<p>                <img width=\"749\" height=\"500\" src=\"https:\/\/www.europesays.com\/fr\/wp-content\/uploads\/2025\/06\/dsc-7525-749x500.jpg\" class=\"attachment-gallery size-gallery\" alt=\"marche; visibilit\u00e9; lgbt; droits; pride; arc-en-ciel; lgbtqi\" data-full-url=\"https:\/\/pokaa.fr\/wp-content\/uploads\/2023\/06\/dsc-7525.jpg\" decoding=\"async\" loading=\"lazy\"  \/>            <\/p>\n<p>                <img width=\"375\" height=\"500\" src=\"https:\/\/www.europesays.com\/fr\/wp-content\/uploads\/2025\/06\/img-9130-375x500.jpeg\" class=\"attachment-gallery size-gallery\" alt=\"Pride marche des fiert\u00e9s LGBTQIA+ visibilit\u00e9s\" data-full-url=\"https:\/\/pokaa.fr\/wp-content\/uploads\/2025\/06\/16\/img-9130.jpeg\" decoding=\"async\" loading=\"lazy\"  \/>            <\/p>\n<p>                    1. \u00a9 Mathilde Cybulski \/ Pokaa ; 2. \u00a9 Anthony Jilli \/ Pokaa<\/p>\n<p>Le Canap\u00e9 Queer<\/p>\n<p>Bar LGBTQIA+ et safe space revendiqu\u00e9e, <strong>le Canap\u00e9 Queer organise des <\/strong><strong>\u00e9v\u00e9nements culturels et politiques, drag shows<\/strong><strong>, open mics, ateliers, lectures, expos\u2026<\/strong> Un incontournable depuis 2022 ! <\/p>\n<p>Chaque premier jeudi du mois, il propose les soir\u00e9es \u00ab You are the Star \u00bb, o\u00f9 les artistes queers se succ\u00e8dent sur la sc\u00e8ne avec comme host N\u00f6x\u00efm\u00e4 Marley, mother de la House of Marley.<\/p>\n<p style=\"text-align: center;\"><strong>20 rue des Couples<\/strong><br \/><a href=\"https:\/\/www.instagram.com\/canapequeerstrasbourg\/?hl=fr\" target=\"_blank\" rel=\"noopener\">La page Instagram<\/a><br \/><a href=\"https:\/\/www.facebook.com\/Canape.Queer.Strasbourg\/?locale=fr_FR\" target=\"_blank\" rel=\"noopener\">La page Facebook<\/a><\/p>\n<p>                <a href=\"https:\/\/pokaa.fr\/2025\/04\/27\/you-are-the-star-depuis-2023-une-scene-ouverte-celebre-les-artistes-queers-de-strasbourg\/\" target=\"_blank\" rel=\"noopener\"><br \/>\n                    <img width=\"450\" height=\"270\" src=\"https:\/\/www.europesays.com\/fr\/wp-content\/uploads\/2025\/06\/a1-450x270.png\" class=\"attachment-card-horizontal--same-subject size-card-horizontal--same-subject wp-post-image\" alt=\"\" decoding=\"async\" loading=\"lazy\"\/>                <\/a><\/p>\n<p>                <img width=\"667\" height=\"500\" src=\"https:\/\/www.europesays.com\/fr\/wp-content\/uploads\/2025\/04\/tempimagesldn7d-667x500.jpg\" class=\"attachment-gallery size-gallery\" alt=\"Devanture Canap\u00e9 Queer\" data-full-url=\"https:\/\/pokaa.fr\/wp-content\/uploads\/2025\/04\/22\/tempimagesldn7d-1500x1125.jpg\" decoding=\"async\" loading=\"lazy\"  \/>            <\/p>\n<p>                <img width=\"666\" height=\"500\" src=\"https:\/\/www.europesays.com\/fr\/wp-content\/uploads\/2025\/04\/6ed58e0b-8557-4d71-bc19-a5ddcb788ce7-2-666x500.jpg\" class=\"attachment-gallery size-gallery\" alt=\"You are the star \u2013 Canap\u00e9 Queer Pastelle De Nada\" data-full-url=\"https:\/\/pokaa.fr\/wp-content\/uploads\/2025\/04\/24\/6ed58e0b-8557-4d71-bc19-a5ddcb788ce7-2.jpg\" decoding=\"async\" loading=\"lazy\"  \/>            <\/p>\n<p>                <img width=\"667\" height=\"500\" src=\"https:\/\/www.europesays.com\/fr\/wp-content\/uploads\/2025\/06\/img-3882-667x500.jpeg\" class=\"attachment-gallery size-gallery\" alt=\"You are the star \u2013 Canap\u00e9 Queer N\u00f6x\u00efm\u00e4 Marley\" data-full-url=\"https:\/\/pokaa.fr\/wp-content\/uploads\/2025\/04\/25\/img-3882.jpeg\" decoding=\"async\" loading=\"lazy\"  \/>            <\/p>\n<p>                <img width=\"750\" height=\"500\" src=\"https:\/\/www.europesays.com\/fr\/wp-content\/uploads\/2025\/04\/img_9138.jpg\" class=\"attachment-gallery size-gallery\" alt=\"canap\u00e9 queer lgbtqi+\" data-full-url=\"https:\/\/www.europesays.com\/fr\/wp-content\/uploads\/2025\/04\/img_9138.jpg\" decoding=\"async\" loading=\"lazy\"  \/>            <\/p>\n<p>                    1. \u00e0 3. \u00a9 Romain Fournier \/ Pokaa ; 4. \u00a9 Mathilde Piaud \/ Pokaa<\/p>\n<p>Le Fat Black <\/p>\n<p>Bar\/club de Strasbourg, il organise concerts et DJ sets hip-hop, soul, funk, etc. Mais aussi, <strong>il n\u2019h\u00e9site pas \u00e0 accueillir de petits collectifs LGBTQIA+ le temps d\u2019une soir\u00e9e\u2026<\/strong> Ou plusieurs, avec entre autres La Partooze stand-up, comedy club queer et inclusif ouvert \u00e0 toutes et tous !\u00a0<\/p>\n<p style=\"text-align: center;\"><strong>3 rue Klein<\/strong><br \/><a href=\"https:\/\/www.instagram.com\/fatblack_sxb\/\" target=\"_blank\" rel=\"noopener\">La page Instagram<\/a><br \/><a href=\"https:\/\/www.facebook.com\/FAT.sxb\/?locale=fr_FR\" target=\"_blank\" rel=\"noopener\">La page Facebook<\/a><\/p>\n<p>                <a href=\"https:\/\/pokaa.fr\/2025\/04\/13\/la-partooze-stand-up-ce-jeudi-strasbourg-accueille-un-nouveau-comedy-club-decale\/\" target=\"_blank\" rel=\"noopener\"><br \/>\n                    <img width=\"450\" height=\"270\" src=\"https:\/\/www.europesays.com\/fr\/wp-content\/uploads\/2025\/06\/2-450x270.png\" class=\"attachment-card-horizontal--same-subject size-card-horizontal--same-subject wp-post-image\" alt=\"\" decoding=\"async\" loading=\"lazy\"\/>                <\/a><\/p>\n<p>    <img width=\"800\" height=\"600\" src=\"https:\/\/www.europesays.com\/fr\/wp-content\/uploads\/2025\/06\/img-5269-800x600.jpeg\" class=\"attachment-image-size-L size-image-size-L\" alt=\"FAT humour comedy club stand up\" decoding=\"async\" loading=\"lazy\"  \/>         \u00a9 Anthony Jilli \/ Pokaa <\/p>\n<p>La P\u00e9niche M\u00e9canique<\/p>\n<p>La P\u00e9niche M\u00e9canique organise de plus en plus d\u2019\u00e9v\u00e9nements queers, comme <strong>des drag shows ou des soir\u00e9es clubbing<\/strong>. Mais aussi du <strong>voguing<\/strong> avec notamment Ksu LaBeija, artiste ukrainienne et mother de la Royal House of LaBeija.<\/p>\n<p style=\"text-align: center;\"><strong>Presqu\u2019\u00eele Andr\u00e9-Malraux<\/strong><br \/><a href=\"https:\/\/www.penichemecanique.com\" target=\"_blank\" rel=\"noopener\">Le site web<\/a><br \/><a href=\"https:\/\/www.instagram.com\/peniche.mecanique\/?hl=fr\" target=\"_blank\" rel=\"noopener\">La page Instagram<\/a><br \/><a href=\"https:\/\/www.facebook.com\/peniche.mecanique\/?locale=fr_FR\" target=\"_blank\" rel=\"noopener\">La page Facebook<\/a><\/p>\n<p>                <img width=\"645\" height=\"500\" src=\"https:\/\/www.europesays.com\/fr\/wp-content\/uploads\/2025\/06\/peniche-mecanique-agenda.jpg\" class=\"attachment-gallery size-gallery\" alt=\"p\u00e9niche m\u00e9canique -agenda\" data-full-url=\"https:\/\/www.europesays.com\/fr\/wp-content\/uploads\/2025\/06\/peniche-mecanique-agenda.jpg\" decoding=\"async\" loading=\"lazy\"  \/>            <\/p>\n<p>                <img width=\"875\" height=\"500\" src=\"https:\/\/www.europesays.com\/fr\/wp-content\/uploads\/2025\/06\/soiree-st-valentin-speeddating-peniche-mecanique.jpg\" class=\"attachment-gallery size-gallery\" alt=\"soire\u0301e-st-valentin-speeddating-peniche-mecanique\" data-full-url=\"https:\/\/www.europesays.com\/fr\/wp-content\/uploads\/2025\/06\/soiree-st-valentin-speeddating-peniche-mecanique.jpg\" decoding=\"async\" loading=\"lazy\"  \/>            <\/p>\n<p>                    \u00a9 Page Facebook de la P\u00e9niche M\u00e9canique \/ Captures d&rsquo;\u00e9cran<\/p>\n<p>Le Schluch<\/p>\n<p>Lieu queer-friendly, bi\u00e8res fra\u00eeches et verre de vin : dans le milieu queer historique de Strasbourg, Le Schluch est une adresse incontournable. <strong>Avec sa petite terrasse et sa bonne ambiance, on aime toujours autant y aller boire un verre.\u00a0<\/strong><\/p>\n<p style=\"text-align: center;\"><strong>3 rue de l\u2019Outre<\/strong><br \/><a href=\"https:\/\/www.instagram.com\/bierstub_le_schluch\/\" target=\"_blank\" rel=\"noopener\">La page Instagram<\/a><\/p>\n<p>                <img width=\"365\" height=\"500\" src=\"https:\/\/www.europesays.com\/fr\/wp-content\/uploads\/2025\/06\/capture-decran-2025-06-26-a-171349-365x500.png\" class=\"attachment-gallery size-gallery\" alt=\"le schluch\" data-full-url=\"https:\/\/pokaa.fr\/wp-content\/uploads\/2025\/06\/26\/capture-decran-2025-06-26-a-171349.png\" decoding=\"async\" loading=\"lazy\"  \/>            <\/p>\n<p>                <img width=\"437\" height=\"500\" src=\"https:\/\/www.europesays.com\/fr\/wp-content\/uploads\/2025\/06\/417369822-267511256185817-2400144386623401936-n-437x500.jpg\" class=\"attachment-gallery size-gallery\" alt=\"bi\u00e8res milan\" data-full-url=\"https:\/\/pokaa.fr\/wp-content\/uploads\/2024\/01\/26\/417369822-267511256185817-2400144386623401936-n.jpg\" decoding=\"async\" loading=\"lazy\"  \/>            <\/p>\n<p>                    1. \u00a9 Document remis ; 2. \u00a9 Pokaa<\/p>\n<p>Le Studio Saglio<\/p>\n<p>Connu pour ses soir\u00e9es psy-trance, <strong>ce club auto-d\u00e9crit comme<\/strong><strong> \u00ab safe place \u00bb <\/strong><strong>a accueilli la soir\u00e9e de cl\u00f4ture de la Marche des Visibilit\u00e9s<\/strong> (La nuit des FestiGays). Le grand jeu \u00e9tait de sortie avec DJ sets, drag shows et pole dance.\u00a0<\/p>\n<p style=\"text-align: center;\"><strong>16 rue Saglio<\/strong><br \/><a href=\"https:\/\/www.instagram.com\/lestudiosaglio\/?hl=fr\" target=\"_blank\" rel=\"noopener\">La page Instagram<\/a><br \/><a href=\"https:\/\/www.facebook.com\/lestudiosagliostrasbourg\/?locale=fr_FR\" target=\"_blank\" rel=\"noopener\">La page Facebook<\/a><\/p>\n<p>    <img width=\"800\" height=\"533\" src=\"https:\/\/www.europesays.com\/fr\/wp-content\/uploads\/2025\/06\/355238257-650973240407914-4797100830449515791-n-2-800x533.jpg\" class=\"attachment-image-size-L size-image-size-L\" alt=\"355238257_650973240407914_4797100830449515791_n-2\" decoding=\"async\" loading=\"lazy\"  \/>         \u00a9 Page Facebook du Studio Saglio \/ Capture d&rsquo;\u00e9cran <\/p>\n<p>Le Caf\u00e9 Grognon<\/p>\n<p>Au menu de cette adresse : un grand choix de bi\u00e8res pression, des vins, des whiskys, des rhums et eaux de vie du monde entier. Mais aussi <strong>des soir\u00e9es d\u00e9di\u00e9es \u00e0 la communaut\u00e9 queer et ses alli\u00e9(e)s<\/strong> \u2013 Le Caf\u00e9 Grognon diffuse notamment l\u2019\u00e9mission Drag Race France !<\/p>\n<p style=\"text-align: center;\"><strong>2 avenue L\u00e9on-Dacheux<\/strong><br \/><a href=\"https:\/\/www.instagram.com\/le_cafe_grognon\/?hl=fr\" target=\"_blank\" rel=\"noopener\">La page Instagram<\/a><br \/><a href=\"https:\/\/www.facebook.com\/lecafegrognon\/?locale=fr_FR\" target=\"_blank\" rel=\"noopener\">La page Facebook<\/a><\/p>\n<p>                <img width=\"375\" height=\"500\" src=\"https:\/\/www.europesays.com\/fr\/wp-content\/uploads\/2025\/06\/357119540-1203384720354781-2359154747432670441-n-375x500.jpg\" class=\"attachment-gallery size-gallery\" alt=\"Drag Race France caf\u00e9 Grognon\" data-full-url=\"https:\/\/pokaa.fr\/wp-content\/uploads\/2023\/07\/357119540-1203384720354781-2359154747432670441-n.jpg\" decoding=\"async\" loading=\"lazy\"  \/>            <\/p>\n<p>                <img width=\"667\" height=\"500\" src=\"https:\/\/www.europesays.com\/fr\/wp-content\/uploads\/2025\/06\/371074687-324679173311991-2788319016991277795-n-667x500.jpg\" class=\"attachment-gallery size-gallery\" alt=\"bar caf\u00e9 grognon\" data-full-url=\"https:\/\/pokaa.fr\/wp-content\/uploads\/2023\/09\/371074687-324679173311991-2788319016991277795-n-1500x1125.jpg\" decoding=\"async\" loading=\"lazy\"  \/>            <\/p>\n<p>                <img width=\"667\" height=\"500\" src=\"https:\/\/www.europesays.com\/fr\/wp-content\/uploads\/2025\/06\/cafe-grognon.jpg\" class=\"attachment-gallery size-gallery\" alt=\"cafe grognon\" data-full-url=\"https:\/\/www.europesays.com\/fr\/wp-content\/uploads\/2025\/06\/cafe-grognon.jpg\" decoding=\"async\" loading=\"lazy\"  \/>            <\/p>\n<p>                    1. 3. \u00a9\u00a0Documents remis ; 2. \u00a9 Coraline Lafon \/ Pokaa<\/p>\n<p>En bonus : <strong>direction aussi <a href=\"https:\/\/www.instagram.com\/loree_85\/?hl=fr\" target=\"_blank\" rel=\"noopener\">L\u2019Or\u00e9e 85<\/a> pour faire la f\u00eate<\/strong>, <a href=\"https:\/\/www.instagram.com\/tintasxb\/?hl=fr\" target=\"_blank\" rel=\"noopener\">Tinta<\/a> pour une coiffure ou un tatouage,<strong><a href=\"https:\/\/www.instagram.com\/librairiequaidesbrumes\/?hl=fr\" target=\"_blank\" rel=\"noopener\"> Quai des Brumes<\/a> pour acheter un livre<\/strong>, <a href=\"https:\/\/www.instagram.com\/deboutonnees_stras\/?hl=fr\" target=\"_blank\" rel=\"noopener\">(D\u00e9)boutonn\u00e9\u00b7e\u00b7s<\/a> pour se faire plaisir, ou encore <a href=\"https:\/\/www.instagram.com\/la_station_lgbti\/\" target=\"_blank\" rel=\"noopener\">La Station LGBTI<\/a> si vous avez besoin de parler !<\/p>\n<p><strong>Et vous, c\u2019est quoi votre adresse queer pr\u00e9f\u00e9r\u00e9e \u00e0 Strasbourg ?\u00a0<\/strong><\/p>\n<p style=\"text-align: right;\">Journaliste : Camille Gantzer<\/p>\n<p><script async src=\"\/\/www.instagram.com\/embed.js\"><\/script><\/p>\n","protected":false},"excerpt":{"rendered":"Accueil \/ Sorties \/ Personnes LGBTQIA+ et alli\u00e9(e)s : \u00e0 Strasbourg, 6 lieux queers pour faire la f\u00eate&hellip;\n","protected":false},"author":2,"featured_media":211946,"comment_status":"","ping_status":"","sticky":false,"template":"","format":"standard","meta":{"footnotes":""},"categories":[2820],"tags":[1111,11,1777,674,1011,27,28384,775,15435,21095,12,15348,25,640,11278],"class_list":{"0":"post-211945","1":"post","2":"type-post","3":"status-publish","4":"format-standard","5":"has-post-thumbnail","7":"category-strasbourg","8":"tag-actu","9":"tag-actualites","10":"tag-eu","11":"tag-europe","12":"tag-fr","13":"tag-france","14":"tag-gay","15":"tag-grand-est","16":"tag-lesbienne","17":"tag-lgbtqia","18":"tag-news","19":"tag-queer","20":"tag-republique-francaise","21":"tag-strasbourg","22":"tag-trans"},"share_on_mastodon":{"url":"","error":""},"_links":{"self":[{"href":"https:\/\/www.europesays.com\/fr\/wp-json\/wp\/v2\/posts\/211945","targetHints":{"allow":["GET"]}}],"collection":[{"href":"https:\/\/www.europesays.com\/fr\/wp-json\/wp\/v2\/posts"}],"about":[{"href":"https:\/\/www.europesays.com\/fr\/wp-json\/wp\/v2\/types\/post"}],"author":[{"embeddable":true,"href":"https:\/\/www.europesays.com\/fr\/wp-json\/wp\/v2\/users\/2"}],"replies":[{"embeddable":true,"href":"https:\/\/www.europesays.com\/fr\/wp-json\/wp\/v2\/comments?post=211945"}],"version-history":[{"count":0,"href":"https:\/\/www.europesays.com\/fr\/wp-json\/wp\/v2\/posts\/211945\/revisions"}],"wp:featuredmedia":[{"embeddable":true,"href":"https:\/\/www.europesays.com\/fr\/wp-json\/wp\/v2\/media\/211946"}],"wp:attachment":[{"href":"https:\/\/www.europesays.com\/fr\/wp-json\/wp\/v2\/media?parent=211945"}],"wp:term":[{"taxonomy":"category","embeddable":true,"href":"https:\/\/www.europesays.com\/fr\/wp-json\/wp\/v2\/categories?post=211945"},{"taxonomy":"post_tag","embeddable":true,"href":"https:\/\/www.europesays.com\/fr\/wp-json\/wp\/v2\/tags?post=211945"}],"curies":[{"name":"wp","href":"https:\/\/api.w.org\/{rel}","templated":true}]}}