{"id":21195,"date":"2025-04-13T02:54:10","date_gmt":"2025-04-13T02:54:10","guid":{"rendered":"https:\/\/www.europesays.com\/fr\/21195\/"},"modified":"2025-04-13T02:54:10","modified_gmt":"2025-04-13T02:54:10","slug":"bordeaux-begles-se-fait-peur-contre-le-munster-mais-se-hisse-pour-la-deuxieme-fois-en-demi-finale","status":"publish","type":"post","link":"https:\/\/www.europesays.com\/fr\/21195\/","title":{"rendered":"Bordeaux-B\u00e8gles se fait peur contre le Munster mais se hisse pour la deuxi\u00e8me fois en demi-finale"},"content":{"rendered":"<p>Intenables en attaque face aux Irlandais mais rel\u00e2ch\u00e9s en fin de match (47-29), les Girondins ont valid\u00e9 leur billet pour le dernier carr\u00e9 de comp\u00e9tition continentale, qu\u2019ils retrouveront apr\u00e8s 2021.<\/p>\n<p class=\"fig-paragraph\">Un festival de l\u2019UBB et quelques frayeurs\u00a0!\u00a0<a href=\"http:\/\/www.lefigaro.fr\/sports\/rugby\/coupe-d-europe\/champions-cup-l-intensite-sera-encore-superieure-face-au-munster-previent-l-entraineur-de-l-ubb-20250406\" data-fig-type=\"NewsFlash\" data-gtm-custom-categorie=\"navigation\" data-gtm-custom-action=\"crossclick\" data-gtm-custom-label=\"Contextuel\" data-gtm-event=\"customEventSPE\" data-fig-domain=\"LEFIGARO\" target=\"_blank\" rel=\"noopener\">Bordeaux-B\u00e8gles<\/a>\u00a0s\u2019est qualifi\u00e9 ce samedi pour les demi-finales de la Champions Cup, en dominant les Irlandais du Munster (47-29) lors du quart de finale disput\u00e9 \u00e0 Chaban-Delmas. Les joueurs de Yannick Bru, victorieux de\u00a0<a href=\"http:\/\/www.lefigaro.fr\/sports\/rugby\/coupe-d-europe\/champions-cup-en-video-le-resume-de-la-qualification-de-l-ubb-face-a-l-ulster-20250406\" data-fig-type=\"NewsFlash\" data-gtm-custom-categorie=\"navigation\" data-gtm-custom-action=\"crossclick\" data-gtm-custom-label=\"Contextuel\" data-gtm-event=\"customEventSPE\" data-fig-domain=\"LEFIGARO\" target=\"_blank\" rel=\"noopener\">l\u2019Ulster en huiti\u00e8mes de finale<\/a>, ont d\u2019entr\u00e9e \u00e9touff\u00e9e leurs compatriotes du Munster, en marquant par Damian Penaud d\u00e8s la 5e minute. L\u2019ailier international est entr\u00e9 dans l\u2019histoire de la comp\u00e9tition, en \u00e9tablissant\u00a0<a href=\"http:\/\/www.lefigaro.fr\/sports\/rugby\/coupe-d-europe\/champions-cup-penaud-etablit-un-nouveau-record-de-12-essais-inscrits-lors-d-une-meme-edition-20250412\" data-fig-type=\"NewsFlash\" data-gtm-custom-categorie=\"navigation\" data-gtm-custom-action=\"crossclick\" data-gtm-custom-label=\"Contextuel\" data-gtm-event=\"customEventSPE\" data-fig-domain=\"LEFIGARO\" target=\"_blank\" rel=\"noopener\">un nouveau record de 12 essais inscrits lors de la m\u00eame \u00e9dition<\/a>.<\/p>\n<p class=\"fig-paragraph\">Les Girondins n\u2019ont laiss\u00e9 aucun r\u00e9pit au Munster (qui a eu de gros soucis en touche) en marquant dans la foul\u00e9e par\u00a0<a href=\"http:\/\/www.lefigaro.fr\/sports\/rugby\/xv-de-france\/six-nations-on-est-alle-chercher-ce-trophee-pour-dupont-glisse-lucu-20250315\" data-fig-type=\"NewsFlash\" data-gtm-custom-categorie=\"navigation\" data-gtm-custom-action=\"crossclick\" data-gtm-custom-label=\"Contextuel\" data-gtm-event=\"customEventSPE\" data-fig-domain=\"LEFIGARO\" target=\"_blank\" rel=\"noopener\">Maxime Lucu<\/a>\u00a0(12e), Pete Samu (24e) et Jon Echegaray (33e). Les joueurs de Limerick &#8211; tombeurs de\u00a0<a href=\"http:\/\/www.lefigaro.fr\/sports\/rugby\/coupe-d-europe\/champions-cup-en-video-le-resume-de-la-debacle-pour-la-rochelle-sortie-par-le-munster-20250405\" data-fig-type=\"NewsFlash\" data-gtm-custom-categorie=\"navigation\" data-gtm-custom-action=\"crossclick\" data-gtm-custom-label=\"Contextuel\" data-gtm-event=\"customEventSPE\" data-fig-domain=\"LEFIGARO\" target=\"_blank\" rel=\"noopener\">La Rochelle en huiti\u00e8mes de finale<\/a>\u00a0&#8211; ont ensuite r\u00e9duit la marque par Alex Nivelle (40e+2) puis Andrew Smith (50e).<\/p>\n<p class=\"fig-paragraph\">Les Bordelais ont \u00e0 nouveau creus\u00e9 l\u2019\u00e9cart en inscrivant un cinqui\u00e8me essai par Maxime Lamothe (56e), mais ils ont encaiss\u00e9 deux autres essais, un de p\u00e9nalit\u00e9 (63e) puis un autre d\u2019Andrew Smith (73e). Frayeurs sur Chaban avec, dans la foul\u00e9e, le carton rouge re\u00e7u par\u00a0<a href=\"http:\/\/www.lefigaro.fr\/sports\/rugby\/coupe-d-europe\/champions-cup-cyril-cadeaux-la-part-d-ombre-qui-permet-la-lumiere-a-l-ubb-20250412\" data-fig-type=\"NewsFlash\" data-gtm-custom-categorie=\"navigation\" data-gtm-custom-action=\"crossclick\" data-gtm-custom-label=\"Contextuel\" data-gtm-event=\"customEventSPE\" data-fig-domain=\"LEFIGARO\" target=\"_blank\" rel=\"noopener\">Cyril Cazeaux<\/a>\u00a0(75e) pour avoir \u00e9cop\u00e9 de deux jaunes. Mais l\u2019intenable\u00a0<a href=\"http:\/\/www.lefigaro.fr\/sports\/rugby\/6-nations\/six-nations-louis-bielle-biarrey-elu-meilleur-joueur-du-tournoi-2025-20250401\" data-fig-type=\"NewsFlash\" data-gtm-custom-categorie=\"navigation\" data-gtm-custom-action=\"crossclick\" data-gtm-custom-label=\"Contextuel\" data-gtm-event=\"customEventSPE\" data-fig-domain=\"LEFIGARO\" target=\"_blank\" rel=\"noopener\">Louis Bielle-Biarray<\/a>\u00a0(78e), qui a inscrit son 22e essai de la saison, a lib\u00e9r\u00e9 le peuple bordelais.<\/p>\n<p class=\"fig-paragraph\">Pour sa quatri\u00e8me participation aux phases finales de Champions Cup, l\u2019Union Bordeaux-B\u00e8gles se hisse dans le dernier carr\u00e9 pour la deuxi\u00e8me fois de son histoire apr\u00e8s 2021 (d\u00e9faite 21-9 contre Toulouse, futur champion). Les Girondins &#8211; pr\u00e9sents en huiti\u00e8mes en 2022 et en quarts l\u2019an dernier &#8211; vont tenter de se qualifier pour leur premi\u00e8re finale, qui se tiendra cette ann\u00e9e \u00e0 Cardiff. En demi-finale, ils auront \u00e0 nouveau l\u2019avantage du terrain (au Matmut Atlantique) \u00e0 la faveur de leur premi\u00e8re place au classement g\u00e9n\u00e9ral et affronteront le vainqueur de\u00a0<a href=\"http:\/\/www.lefigaro.fr\/sports\/rugby\/coupe-d-europe\/toulon-toulouse-a-quelle-heure-et-sur-quelle-chaine-suivre-le-quart-de-finale-de-champions-cup-20250407\" data-fig-type=\"NewsFlash\" data-gtm-custom-categorie=\"navigation\" data-gtm-custom-action=\"crossclick\" data-gtm-custom-label=\"Contextuel\" data-gtm-event=\"customEventSPE\" data-fig-domain=\"LEFIGARO\" target=\"_blank\" rel=\"noopener\">Toulon-Toulouse<\/a>, qui a lieu ce dimanche (16h) \u00e0 Mayol.<\/p>\n<p>\u00a0\u00bb<br \/>\n        data-script=\u00a0\u00bbhttps:\/\/static.lefigaro.fr\/widget-video\/short-ttl\/video\/index.js\u00a0\u00bb<br \/>\n    &gt;<\/p>\n","protected":false},"excerpt":{"rendered":"Intenables en attaque face aux Irlandais mais rel\u00e2ch\u00e9s en fin de match (47-29), les Girondins ont valid\u00e9 leur&hellip;\n","protected":false},"author":2,"featured_media":21196,"comment_status":"","ping_status":"","sticky":false,"template":"","format":"standard","meta":{"footnotes":""},"categories":[2817],"tags":[1111,11,3463,1997,525,2211,3460,1089,814,1777,674,2396,1011,27,3462,955,2411,7975,12,2219,3464,2311,25,1980,479,2259,2310,2312,4364,7974],"class_list":{"0":"post-21195","1":"post","2":"type-post","3":"status-publish","4":"format-standard","5":"has-post-thumbnail","7":"category-bordeaux","8":"tag-actu","9":"tag-actualites","10":"tag-biarritz","11":"tag-bordeaux","12":"tag-calendrier","13":"tag-championnat-deurope","14":"tag-champions-cup","15":"tag-coupe-deurope","16":"tag-direct","17":"tag-eu","18":"tag-europe","19":"tag-finale","20":"tag-fr","21":"tag-france","22":"tag-leinster","23":"tag-match","24":"tag-munster","25":"tag-munster-rugby","26":"tag-news","27":"tag-nouvelle-aquitaine","28":"tag-perpignan","29":"tag-racing","30":"tag-republique-francaise","31":"tag-resultats","32":"tag-rugby","33":"tag-score","34":"tag-toulon","35":"tag-toulouse","36":"tag-ubb","37":"tag-union-bordeaux-begles"},"share_on_mastodon":{"url":"https:\/\/pubeurope.com\/@fr\/114328401589475986","error":""},"_links":{"self":[{"href":"https:\/\/www.europesays.com\/fr\/wp-json\/wp\/v2\/posts\/21195","targetHints":{"allow":["GET"]}}],"collection":[{"href":"https:\/\/www.europesays.com\/fr\/wp-json\/wp\/v2\/posts"}],"about":[{"href":"https:\/\/www.europesays.com\/fr\/wp-json\/wp\/v2\/types\/post"}],"author":[{"embeddable":true,"href":"https:\/\/www.europesays.com\/fr\/wp-json\/wp\/v2\/users\/2"}],"replies":[{"embeddable":true,"href":"https:\/\/www.europesays.com\/fr\/wp-json\/wp\/v2\/comments?post=21195"}],"version-history":[{"count":0,"href":"https:\/\/www.europesays.com\/fr\/wp-json\/wp\/v2\/posts\/21195\/revisions"}],"wp:featuredmedia":[{"embeddable":true,"href":"https:\/\/www.europesays.com\/fr\/wp-json\/wp\/v2\/media\/21196"}],"wp:attachment":[{"href":"https:\/\/www.europesays.com\/fr\/wp-json\/wp\/v2\/media?parent=21195"}],"wp:term":[{"taxonomy":"category","embeddable":true,"href":"https:\/\/www.europesays.com\/fr\/wp-json\/wp\/v2\/categories?post=21195"},{"taxonomy":"post_tag","embeddable":true,"href":"https:\/\/www.europesays.com\/fr\/wp-json\/wp\/v2\/tags?post=21195"}],"curies":[{"name":"wp","href":"https:\/\/api.w.org\/{rel}","templated":true}]}}