{"id":211962,"date":"2025-06-28T22:52:12","date_gmt":"2025-06-28T22:52:12","guid":{"rendered":"https:\/\/www.europesays.com\/fr\/211962\/"},"modified":"2025-06-28T22:52:12","modified_gmt":"2025-06-28T22:52:12","slug":"englos-la-techno-bientot-reine-du-dancefloor-dans-lancien-macumba","status":"publish","type":"post","link":"https:\/\/www.europesays.com\/fr\/211962\/","title":{"rendered":"Englos. La techno bient\u00f4t reine du dancefloor dans l&rsquo;ancien Macumba"},"content":{"rendered":"<p>            Par<br \/>\n        <strong><br \/>\n            <a href=\"https:\/\/actu.fr\/auteur\/annesophie-2\" title=\"Consulter tous les articles de Anne-Sophie Hourdeaux\" target=\"_blank\" rel=\"noopener\">Anne-Sophie Hourdeaux<\/a><br \/>\n        <\/strong><\/p>\n<p>        Publi\u00e9 le<\/p>\n<p>            28 juin 2025 \u00e0 18h15<br \/>\n        ; mis \u00e0 jour le 28 juin 2025 \u00e0 21h26    <\/p>\n<p><b>Au revoir le Macumba,<\/b> bonjour le \u00ab\u00a0Kodz Club ! La c\u00e9l\u00e8bre <b>discoth\u00e8que d\u2019Englos<\/b> pr\u00e8s de Lille <b>a ferm\u00e9<\/b> le 23 f\u00e9vrier 2025, mais <b>ses locaux accueilleront de nouveau bient\u00f4t des danseurs<\/b>. Ce ne sera pas le m\u00eame genre de musique : la nouvelle enseigne mise sur <b>la techno<\/b>. Elle ouvrira le 5 septembre 2025 !<\/p>\n<p class=\" wall-content\"><a href=\"https:\/\/www.lavoixdunord.fr\/1600604\/article\/2025-06-27\/exclusif-sait-ce-que-va-devenir-la-mythique-discotheque-macumba-englos\" target=\"_blank\" rel=\"noopener\">Comme l\u2019a annonc\u00e9 La Voix du Nord vendredi 27 juin 2025, <\/a>le Macumba va rena\u00eetre ou presque ! Une bo\u00eete techno, une des plus grandes de la r\u00e9gion, va investir les locaux ronds de l\u2019embl\u00e9matique bo\u00eete de nuit.<\/p>\n<p>100% techno<\/p>\n<p class=\" wall-content\">Place d\u00e9sormais au \u00ab\u00a0Kodz Club\u00a0\u00bb et son ambiance 100% techno. Le premier week-end d\u2019ouverture sera les 5 et 6 septembre 2025, dates symboliques de la Braderie de Lille.<\/p>\n<p class=\" wall-content\">Les anciens du Macumba tenteront-ils cette nouvelle ambiance ?<\/p>\n<p class=\" wall-content\">Suivez toute l\u2019actualit\u00e9 de vos villes et m\u00e9dias favoris en vous inscrivant \u00e0 <a href=\"https:\/\/moncompte.actu.fr\" title=\"D\u00e9couvez Mon Actu\" rel=\"nofollow noopener\" data-trk=\"{&quot;cta&quot;:{&quot;action&quot;:&quot;https:\\\/\\\/moncompte.actu.fr&quot;,&quot;category&quot;:&quot;mon compte&quot;,&quot;from&quot;:&quot;article footer&quot;,&quot;name&quot;:&quot;Mon actu&quot;,&quot;type&quot;:&quot;cta&quot;}}\" target=\"_blank\">Mon Actu<\/a>.<\/p>\n","protected":false},"excerpt":{"rendered":"Par Anne-Sophie Hourdeaux Publi\u00e9 le 28 juin 2025 \u00e0 18h15 ; mis \u00e0 jour le 28 juin 2025&hellip;\n","protected":false},"author":2,"featured_media":211963,"comment_status":"","ping_status":"","sticky":false,"template":"","format":"standard","meta":{"footnotes":""},"categories":[2815],"tags":[1111,11,5972,1777,674,1011,27,811,1307,1652,12,25],"class_list":{"0":"post-211962","1":"post","2":"type-post","3":"status-publish","4":"format-standard","5":"has-post-thumbnail","7":"category-lille","8":"tag-actu","9":"tag-actualites","10":"tag-danse","11":"tag-eu","12":"tag-europe","13":"tag-fr","14":"tag-france","15":"tag-hauts-de-france","16":"tag-lille","17":"tag-loisirs-culture","18":"tag-news","19":"tag-republique-francaise"},"share_on_mastodon":{"url":"","error":""},"_links":{"self":[{"href":"https:\/\/www.europesays.com\/fr\/wp-json\/wp\/v2\/posts\/211962","targetHints":{"allow":["GET"]}}],"collection":[{"href":"https:\/\/www.europesays.com\/fr\/wp-json\/wp\/v2\/posts"}],"about":[{"href":"https:\/\/www.europesays.com\/fr\/wp-json\/wp\/v2\/types\/post"}],"author":[{"embeddable":true,"href":"https:\/\/www.europesays.com\/fr\/wp-json\/wp\/v2\/users\/2"}],"replies":[{"embeddable":true,"href":"https:\/\/www.europesays.com\/fr\/wp-json\/wp\/v2\/comments?post=211962"}],"version-history":[{"count":0,"href":"https:\/\/www.europesays.com\/fr\/wp-json\/wp\/v2\/posts\/211962\/revisions"}],"wp:featuredmedia":[{"embeddable":true,"href":"https:\/\/www.europesays.com\/fr\/wp-json\/wp\/v2\/media\/211963"}],"wp:attachment":[{"href":"https:\/\/www.europesays.com\/fr\/wp-json\/wp\/v2\/media?parent=211962"}],"wp:term":[{"taxonomy":"category","embeddable":true,"href":"https:\/\/www.europesays.com\/fr\/wp-json\/wp\/v2\/categories?post=211962"},{"taxonomy":"post_tag","embeddable":true,"href":"https:\/\/www.europesays.com\/fr\/wp-json\/wp\/v2\/tags?post=211962"}],"curies":[{"name":"wp","href":"https:\/\/api.w.org\/{rel}","templated":true}]}}