{"id":211967,"date":"2025-06-28T22:56:10","date_gmt":"2025-06-28T22:56:10","guid":{"rendered":"https:\/\/www.europesays.com\/fr\/211967\/"},"modified":"2025-06-28T22:56:10","modified_gmt":"2025-06-28T22:56:10","slug":"maj-pres-de-lyon-le-boa-constrictor-disparu-retrouve-chez-son-proprietaire","status":"publish","type":"post","link":"https:\/\/www.europesays.com\/fr\/211967\/","title":{"rendered":"[MAJ] Pr\u00e8s de Lyon : le boa constrictor disparu retrouv\u00e9\u2026 chez son propri\u00e9taire"},"content":{"rendered":"<p>Vendredi 27 juin, un boa constrictor s&rsquo;est \u00e9chapp\u00e9 de chez son propri\u00e9taire \u00e0 Irigny, au sud de Lyon. La gendarmerie du Rh\u00f4ne a fini par le retrouver&#8230; \u00e0 son point de d\u00e9part.<\/p>\n<p>Article mis \u00e0 jour \u00e0 14h<\/p>\n<p>Le boa constrictor retrouv\u00e9 chez son propri\u00e9taire \u00e0 Irigny<\/p>\n<p>Bonne nouvelle : le boa constrictor en fuite \u00e0 Irigny n&rsquo;est plus recherch\u00e9 !<\/p>\n<p><b>Il a \u00e9t\u00e9 retrouv\u00e9, <\/b>annonce la gendarmerie du Rh\u00f4ne sur Facebook ce samedi 28 juin en d\u00e9but d&rsquo;apr\u00e8s-midi.<\/p>\n<p><b>Le serpent n&rsquo;aurait jamais quitt\u00e9 le domicile de son propri\u00e9taire.<\/b> Provoquant alors des recherches qui n&rsquo;\u00e9taient pas n\u00e9cessaires.<\/p>\n<p>Article initial<\/p>\n<p>Un boa constrictor en fuite \u00e0 Irigny pr\u00e8s de Lyon, les gendarmes \u00e0 sa recherche<\/p>\n<p>Il n&rsquo;est certes pas venimeux, mais il peut \u00eatre dangereux pour l&rsquo;Homme. Vendredi 27 juin, le propri\u00e9taire d&rsquo;<b>un boa constrictor<\/b> a eu la mauvaise surprise de voir que son serpent avait quitt\u00e9 son terrarium, \u00e0 <b>Irigny<\/b>.<\/p>\n<p>Un boa dans la nature au sud de Lyon<\/p>\n<p>Long de 2m50, le reptile pourrait se trouver dans le secteur d&rsquo;Yvours sur la commune situ\u00e9e au sud de Lyon.<\/p>\n<p>Toute personne qui aurait crois\u00e9 le boa constrictor est invit\u00e9e \u00e0 contacter la gendarmerie d&rsquo;Irigny au <b>04.78.50.30.33<\/b>.<\/p>\n<p>Plus t\u00f4t dans la semaine, <a class=\"url\" href=\"https:\/\/www.radioscoop.com\/infos\/pres-de-saint-etienne-ou-est-le-python-qui-s-est-echappe-d-un-appartement_332008\" target=\"_blank\" rel=\"noopener\">un python s&rsquo;est aussi \u00e9chapp\u00e9<\/a> de son terrarium \u00e0 Roche-la-Moli\u00e8re, pr\u00e8s de Saint-\u00c9tienne, et il n&rsquo;a pas encore \u00e9t\u00e9 retrouv\u00e9.<\/p>\n<p><img loading=\"lazy\" decoding=\"async\" src=\"https:\/\/www.europesays.com\/fr\/wp-content\/uploads\/2025\/06\/1751151370_139_img\" width=\"350\" height=\"200\" border=\"0\" title=\"Des gendarmes \u00c3\u00a0 moto.\"\/><\/p>\n<p>\u25baFrance<\/p>\n<p style=\"font-size: 22px;\"><b>Il est arr\u00eat\u00e9 pour exc\u00e8s de vitesse, son p\u00e8re remercie les gendarmes<\/b><\/p>\n<p>Il y a des messages que l&rsquo;on oublie moins vite que&#8230;<\/p>\n<p><\/p>\n","protected":false},"excerpt":{"rendered":"Vendredi 27 juin, un boa constrictor s&rsquo;est \u00e9chapp\u00e9 de chez son propri\u00e9taire \u00e0 Irigny, au sud de Lyon.&hellip;\n","protected":false},"author":2,"featured_media":211968,"comment_status":"","ping_status":"","sticky":false,"template":"","format":"standard","meta":{"footnotes":""},"categories":[1889],"tags":[1111,11,2430,35171,1777,674,1011,27,3381,26942,2428,12,25,5067],"class_list":{"0":"post-211967","1":"post","2":"type-post","3":"status-publish","4":"format-standard","5":"has-post-thumbnail","7":"category-lyon","8":"tag-actu","9":"tag-actualites","10":"tag-auvergne-rhone-alpes","11":"tag-boa","12":"tag-eu","13":"tag-europe","14":"tag-fr","15":"tag-france","16":"tag-gendarmerie","17":"tag-irigny","18":"tag-lyon","19":"tag-news","20":"tag-republique-francaise","21":"tag-serpent"},"share_on_mastodon":{"url":"","error":""},"_links":{"self":[{"href":"https:\/\/www.europesays.com\/fr\/wp-json\/wp\/v2\/posts\/211967","targetHints":{"allow":["GET"]}}],"collection":[{"href":"https:\/\/www.europesays.com\/fr\/wp-json\/wp\/v2\/posts"}],"about":[{"href":"https:\/\/www.europesays.com\/fr\/wp-json\/wp\/v2\/types\/post"}],"author":[{"embeddable":true,"href":"https:\/\/www.europesays.com\/fr\/wp-json\/wp\/v2\/users\/2"}],"replies":[{"embeddable":true,"href":"https:\/\/www.europesays.com\/fr\/wp-json\/wp\/v2\/comments?post=211967"}],"version-history":[{"count":0,"href":"https:\/\/www.europesays.com\/fr\/wp-json\/wp\/v2\/posts\/211967\/revisions"}],"wp:featuredmedia":[{"embeddable":true,"href":"https:\/\/www.europesays.com\/fr\/wp-json\/wp\/v2\/media\/211968"}],"wp:attachment":[{"href":"https:\/\/www.europesays.com\/fr\/wp-json\/wp\/v2\/media?parent=211967"}],"wp:term":[{"taxonomy":"category","embeddable":true,"href":"https:\/\/www.europesays.com\/fr\/wp-json\/wp\/v2\/categories?post=211967"},{"taxonomy":"post_tag","embeddable":true,"href":"https:\/\/www.europesays.com\/fr\/wp-json\/wp\/v2\/tags?post=211967"}],"curies":[{"name":"wp","href":"https:\/\/api.w.org\/{rel}","templated":true}]}}