{"id":211975,"date":"2025-06-28T23:01:11","date_gmt":"2025-06-28T23:01:11","guid":{"rendered":"https:\/\/www.europesays.com\/fr\/211975\/"},"modified":"2025-06-28T23:01:11","modified_gmt":"2025-06-28T23:01:11","slug":"des-jeunes-se-rendent-a-paris-au-salon-international-du-bourget","status":"publish","type":"post","link":"https:\/\/www.europesays.com\/fr\/211975\/","title":{"rendered":"des jeunes se rendent \u00e0 Paris, au Salon international du Bourget"},"content":{"rendered":"<p>            Par<br \/>\n        <strong><br \/>\n            <a href=\"https:\/\/actu.fr\/auteur\/gwendal-lepriellec\" title=\"Consulter tous les articles de Gwendal Le Priellec\" target=\"_blank\" rel=\"noopener\">Gwendal Le Priellec<\/a><br \/>\n        <\/strong><\/p>\n<p>        Publi\u00e9 le<\/p>\n<p>            28 juin 2025 \u00e0 16h16        <\/p>\n<p>Dans le cadre des actions engag\u00e9es par la <b>Communaut\u00e9 de communes Ch\u00e2teaubriant-Derval <\/b>(Loire-Atlantique) pour \u00ab\u00a0renforcer la formation et l\u2019orientation des<b> jeunes\u00a0\u00bb<\/b>, des \u00e9l\u00e8ves du territoire se sont rendus \u00e0 <b>Paris<\/b>, au <b>Salon international de l\u2019a\u00e9ronautique et de l\u2019espace<\/b>.<\/p>\n<p>Ch\u00e2teaubriant : des jeunes au Salon du Bourget, \u00e0 Paris<\/p>\n<p class=\" wall-content\">En effet, le <b>Conseil r\u00e9gional<\/b> des Pays de la Loire, en partenariat avec <b>Airbus<\/b>, le Gifas (Groupement des industries fran\u00e7aises a\u00e9ronautiques et spatiales) et le Campus des m\u00e9tiers de <b>l\u2019a\u00e9ronautique<\/b>, a offert \u00e0 des \u00e9l\u00e8ves du territoire l\u2019opportunit\u00e9 de <b>visiter le prestigieux salon du Bourget<\/b>, sur le pavillon r\u00e9gional. Le salon se tenait du lundi 16 au dimanche 22 juin 2025.<\/p>\n<p>    <a href=\"https:\/\/www.facebook.com\/plugins\/post.php?href=https%3A%2F%2Fwww.facebook.com%2FChateaubriant.Derval%2Fposts%2Fpfbid0Hf1BxHRVXcj5GvWwgtjgyYozmceQitcu78gQS9zizR4grnBhjazADirnwdXRy5Fml&amp;show_text=true&amp;width=350\" title=\"Ouvrie le lien\" target=\"_blank\" rel=\"noopener\">Cliquez ici pour visualiser le contenu<\/a><\/p>\n<p class=\" wall-content\">\u00ab\u00a0Cette nouvelle initiative a \u00e9t\u00e9 soutenue par la Communaut\u00e9 de communes, qui a<b> pris en charge le transport <\/b>d\u2019une cinquantaine de jeunes afin de leur permettre de vivre cette <b>exp\u00e9rience unique\u00a0\u00bb<\/b>, explique l\u2019intercommunalit\u00e9.<\/p>\n<p>    <img   decoding=\"async\" loading=\"lazy\" class=\"size-large\" src=\"https:\/\/www.europesays.com\/fr\/wp-content\/uploads\/2025\/06\/b4c811096e586c8c811096e58bcc81v-960x640.jpg\" alt=\"Communaut\u00e9 de communes Ch\u00e2teaubriant-Derval\" width=\"960\" height=\"640\"\/><br \/>\n    Une cinquantaine de jeunes ont pris part au voyage. \u00a9Communaut\u00e9 de communes Ch\u00e2teaubriant-DervalVid\u00e9os : en ce moment sur ActuD\u00e9monstrations, simulations, ateliers, \u00e9changes\u2026<\/p>\n<p class=\" wall-content\">Les jeunes ont notamment pu visiter le village \u00ab\u00a0L\u2019Avion des m\u00e9tiers\u00a0\u00bb, un espace enti\u00e8rement d\u00e9di\u00e9 \u00e0 la<b> d\u00e9couverte des m\u00e9tiers de l\u2019a\u00e9ronautique<\/b>, \u00e0 travers des <b>d\u00e9monstrations <\/b>en direct, des <b>\u00e9changes <\/b>avec des professionnels en activit\u00e9, des <b>simulateurs <\/b>et des <b>ateliers <\/b>immersifs.<\/p>\n<blockquote class=\"ac-article-quote wall-content\">\n<p>Ce parcours leur a offert une vision concr\u00e8te des savoir-faire industriels et des nombreuses voies de formation possibles, du CAP au dipl\u00f4me d\u2019ing\u00e9nieur. Sur notre territoire, la fili\u00e8re industrielle offre de nombreux d\u00e9bouch\u00e9s, y compris dans le domaine a\u00e9ronautique, avec des entreprises comme Team Plastique et tant d\u2019autres.<\/p>\n<p>Communaut\u00e9 de communes Ch\u00e2teaubriant-Derval<\/p><\/blockquote>\n<p class=\" wall-content\">Cette visite contribue ainsi \u00e0 valoriser ces m\u00e9tiers porteurs et \u00e0 susciter des vocations chez les jeunes.<\/p>\n<p class=\" wall-content\">Suivez toute l\u2019actualit\u00e9 de vos villes et m\u00e9dias favoris en vous inscrivant \u00e0 <a href=\"https:\/\/moncompte.actu.fr\" title=\"D\u00e9couvez Mon Actu\" rel=\"nofollow noopener\" data-trk=\"{&quot;cta&quot;:{&quot;action&quot;:&quot;https:\\\/\\\/moncompte.actu.fr&quot;,&quot;category&quot;:&quot;mon compte&quot;,&quot;from&quot;:&quot;article footer&quot;,&quot;name&quot;:&quot;Mon actu&quot;,&quot;type&quot;:&quot;cta&quot;}}\" target=\"_blank\">Mon Actu<\/a>.<\/p>\n","protected":false},"excerpt":{"rendered":"Par Gwendal Le Priellec Publi\u00e9 le 28 juin 2025 \u00e0 16h16 Dans le cadre des actions engag\u00e9es par&hellip;\n","protected":false},"author":2,"featured_media":211976,"comment_status":"","ping_status":"","sticky":false,"template":"","format":"standard","meta":{"footnotes":""},"categories":[1888],"tags":[1111,1928,11,1927,296,386,1777,674,1011,27,12,1926,626,1925,25,104],"class_list":{"0":"post-211975","1":"post","2":"type-post","3":"status-publish","4":"format-standard","5":"has-post-thumbnail","7":"category-paris","8":"tag-actu","9":"tag-actu-paris","10":"tag-actualites","11":"tag-actualites-paris","12":"tag-aeronautique","13":"tag-espace","14":"tag-eu","15":"tag-europe","16":"tag-fr","17":"tag-france","18":"tag-news","19":"tag-news-paris","20":"tag-paris","21":"tag-paris-news","22":"tag-republique-francaise","23":"tag-societe"},"share_on_mastodon":{"url":"","error":""},"_links":{"self":[{"href":"https:\/\/www.europesays.com\/fr\/wp-json\/wp\/v2\/posts\/211975","targetHints":{"allow":["GET"]}}],"collection":[{"href":"https:\/\/www.europesays.com\/fr\/wp-json\/wp\/v2\/posts"}],"about":[{"href":"https:\/\/www.europesays.com\/fr\/wp-json\/wp\/v2\/types\/post"}],"author":[{"embeddable":true,"href":"https:\/\/www.europesays.com\/fr\/wp-json\/wp\/v2\/users\/2"}],"replies":[{"embeddable":true,"href":"https:\/\/www.europesays.com\/fr\/wp-json\/wp\/v2\/comments?post=211975"}],"version-history":[{"count":0,"href":"https:\/\/www.europesays.com\/fr\/wp-json\/wp\/v2\/posts\/211975\/revisions"}],"wp:featuredmedia":[{"embeddable":true,"href":"https:\/\/www.europesays.com\/fr\/wp-json\/wp\/v2\/media\/211976"}],"wp:attachment":[{"href":"https:\/\/www.europesays.com\/fr\/wp-json\/wp\/v2\/media?parent=211975"}],"wp:term":[{"taxonomy":"category","embeddable":true,"href":"https:\/\/www.europesays.com\/fr\/wp-json\/wp\/v2\/categories?post=211975"},{"taxonomy":"post_tag","embeddable":true,"href":"https:\/\/www.europesays.com\/fr\/wp-json\/wp\/v2\/tags?post=211975"}],"curies":[{"name":"wp","href":"https:\/\/api.w.org\/{rel}","templated":true}]}}