{"id":211977,"date":"2025-06-28T23:02:09","date_gmt":"2025-06-28T23:02:09","guid":{"rendered":"https:\/\/www.europesays.com\/fr\/211977\/"},"modified":"2025-06-28T23:02:09","modified_gmt":"2025-06-28T23:02:09","slug":"previsions-du-dimanche-29-juin-2025","status":"publish","type":"post","link":"https:\/\/www.europesays.com\/fr\/211977\/","title":{"rendered":"pr\u00e9visions du dimanche 29 juin 2025"},"content":{"rendered":"<p>Paris va \u00eatre inond\u00e9e de soleil au cours de cette journ\u00e9e. Les temp\u00e9ratures afficheront entre 19 et 34\u00b0C, un temps r\u00e9solument de saison. Les fortes chaleurs sont install\u00e9es. Avec des valeurs comprises entre 22 et 31\u00b0C. Le matin, un vent de nord-est rafra\u00eechira un peu l&rsquo;atmosph\u00e8re. L&rsquo;\u00e9t\u00e9 s&rsquo;installe ! Les temp\u00e9ratures vont grimper pendant l&rsquo;apr\u00e8s-midi de plusieurs degr\u00e9s. De tr\u00e8s importantes chaleurs (entre 33\u00b0C et 34\u00b0C) sont pr\u00e9vues. La ville va souffrir des grosses chaleurs avec des temp\u00e9ratures qui pourraient monter \u00e0 33\u00b0C le soir. Entre dimanche et lundi, la nuit sera claire.<\/p>\n<p>Un beau soleil est pr\u00e9vu demain \u00e0 Paris. La m\u00e9t\u00e9o va se r\u00e9chauffer avec une augmentation de quelques degr\u00e9s pour un \u00e9t\u00e9 chaud. La p\u00e9riode de fortes chaleurs est bien l\u00e0, avec des valeurs qui risqueront d&rsquo;aller jusqu&rsquo;\u00e0 38\u00b0C. Ce sera un bel \u00e9t\u00e9 : les temp\u00e9ratures seront comprises entre 22 et 38\u00b0C. La matin\u00e9e va se trouver tr\u00e8s chaude : pr\u00e8s de 36\u00b0C. Une l\u00e9g\u00e8re brise d&rsquo;est soufflera. Les temp\u00e9ratures, plus estivales, vont enregistrer une hausse de plusieurs degr\u00e9s pendant l&rsquo;apr\u00e8s-midi. Les valeurs maximums attendues sont \u00e9lev\u00e9es, avec 38\u00b0C. Un vent d&rsquo;est soufflera l\u00e9g\u00e8rement, avec 13 km\/h dans la soir\u00e9e.<\/p>\n<p>Peu de changements pour la suite. Des temp\u00e9ratures dans les 39\u00b0C iront de pair avec un ciel ensoleill\u00e9.<\/p>\n<p>Lors d&rsquo;une vague de chaleur, il est recommand\u00e9 d&rsquo;\u00e9viter tout effort physique et de boire en abondance. Ne gaspillez toutefois pas l&rsquo;eau ! C&rsquo;est une ressource pr\u00e9cieuse, surtout en p\u00e9riode de feux de for\u00eat.<\/p>\n","protected":false},"excerpt":{"rendered":"Paris va \u00eatre inond\u00e9e de soleil au cours de cette journ\u00e9e. Les temp\u00e9ratures afficheront entre 19 et 34\u00b0C,&hellip;\n","protected":false},"author":2,"featured_media":211978,"comment_status":"","ping_status":"","sticky":false,"template":"","format":"standard","meta":{"footnotes":""},"categories":[1888],"tags":[11,1777,674,1011,27,662,12,626,2119,25],"class_list":{"0":"post-211977","1":"post","2":"type-post","3":"status-publish","4":"format-standard","5":"has-post-thumbnail","7":"category-paris","8":"tag-actualites","9":"tag-eu","10":"tag-europe","11":"tag-fr","12":"tag-france","13":"tag-ile-de-france","14":"tag-news","15":"tag-paris","16":"tag-previsions-meteo","17":"tag-republique-francaise"},"share_on_mastodon":{"url":"","error":""},"_links":{"self":[{"href":"https:\/\/www.europesays.com\/fr\/wp-json\/wp\/v2\/posts\/211977","targetHints":{"allow":["GET"]}}],"collection":[{"href":"https:\/\/www.europesays.com\/fr\/wp-json\/wp\/v2\/posts"}],"about":[{"href":"https:\/\/www.europesays.com\/fr\/wp-json\/wp\/v2\/types\/post"}],"author":[{"embeddable":true,"href":"https:\/\/www.europesays.com\/fr\/wp-json\/wp\/v2\/users\/2"}],"replies":[{"embeddable":true,"href":"https:\/\/www.europesays.com\/fr\/wp-json\/wp\/v2\/comments?post=211977"}],"version-history":[{"count":0,"href":"https:\/\/www.europesays.com\/fr\/wp-json\/wp\/v2\/posts\/211977\/revisions"}],"wp:featuredmedia":[{"embeddable":true,"href":"https:\/\/www.europesays.com\/fr\/wp-json\/wp\/v2\/media\/211978"}],"wp:attachment":[{"href":"https:\/\/www.europesays.com\/fr\/wp-json\/wp\/v2\/media?parent=211977"}],"wp:term":[{"taxonomy":"category","embeddable":true,"href":"https:\/\/www.europesays.com\/fr\/wp-json\/wp\/v2\/categories?post=211977"},{"taxonomy":"post_tag","embeddable":true,"href":"https:\/\/www.europesays.com\/fr\/wp-json\/wp\/v2\/tags?post=211977"}],"curies":[{"name":"wp","href":"https:\/\/api.w.org\/{rel}","templated":true}]}}