{"id":211983,"date":"2025-06-28T23:05:29","date_gmt":"2025-06-28T23:05:29","guid":{"rendered":"https:\/\/www.europesays.com\/fr\/211983\/"},"modified":"2025-06-28T23:05:29","modified_gmt":"2025-06-28T23:05:29","slug":"guerre-en-ukraine-le-conseil-de-leurope-annonce-la-creation-dun-tribunal-special-charge-de-juger-les-responsables-de-crime-dagression","status":"publish","type":"post","link":"https:\/\/www.europesays.com\/fr\/211983\/","title":{"rendered":"Guerre en Ukraine : le Conseil de l&rsquo;Europe annonce la cr\u00e9ation d\u2019un\u00a0tribunal sp\u00e9cial charg\u00e9 de juger les responsables de \u00ab\u00a0crime d\u2019agression\u00a0\u00bb"},"content":{"rendered":"<p>Le pr\u00e9sident de l\u2019Ukraine <a href=\"https:\/\/www.humanite.fr\/monde\/bombardements\/guerre-en-ukraine-au-moins-10-morts-a-kiev-apres-lune-des-pires-attaques-russes\" rel=\"nofollow noopener\" target=\"_blank\">Volodymyr Zelensky<\/a> a vu le Conseil de l\u2019Europe confirmer son soutien envers sa cause. Pr\u00e9sent \u00e0 Strasbourg, mercredi 25\u00a0juin, il a sign\u00e9 un accord pour la cr\u00e9ation d\u2019un\u00a0tribunal sp\u00e9cial, dont la mission sera de poursuivre et de juger les responsables du \u00ab\u00a0crime d\u2019agression\u00a0\u00bb contre son pays. \u00ab\u00a0Tous les criminels de guerre doivent savoir que justice sera rendue, et cela inclut la Russie\u00a0\u00bb, a lanc\u00e9 Volodymyr Zelensky en r\u00e9action \u00e0 l\u2019annonce. <\/p>\n<p>\u00c0 l\u2019occasion du sommet de l\u2019Otan, le dirigeant ukrainien, apparaissait d\u00e9j\u00e0 sur la photographie, prise mardi soir, juste derri\u00e8re Emmanuel Macron. Si cette c\u00e9r\u00e9monie organis\u00e9e par le roi Willem-Alexander des Pays-Bas et la reine Maxima peut laisser penser que l\u2019Ukraine est un membre \u00e0 part enti\u00e8re de l\u2019Alliance atlantique, dans les faits le d\u00e9bat reste ouvert. <a href=\"https:\/\/www.humanite.fr\/monde\/donald-trump\/sommet-de-lotan-tout-comprendre-a-la-hausse-historique-des-budgets-militaires-des-membres-de-lalliance\" data-type=\"post\" data-id=\"3034946\" rel=\"nofollow noopener\" target=\"_blank\">La session annuelle des 32 chefs d\u2019\u00c9tat<\/a> et de gouvernement de l\u2019organisation militaire a d\u00e9but\u00e9 sans l\u2019Ukraine, confirmant de vraies divisions au sein de l\u2019organisation sur sa possible int\u00e9gration.<\/p>\n<p>Un grand succ\u00e8s pour Trump<\/p>\n<p>Dans le document final r\u00e9dig\u00e9 \u00e0 l\u2019issue du sommet, les \u00c9tats membres \u00ab\u00a0r\u00e9affirment leur engagement souverain et durable \u00e0 soutenir l\u2019Ukraine, dont la s\u00e9curit\u00e9 contribue \u00e0 la n\u00f4tre\u00a0\u00bb, sans toutefois condamner directement la Russie ou mentionner l\u2019adh\u00e9sion de Kiev. Le texte inclut uniquement une ligne distincte sur \u00ab\u00a0la menace \u00e0 long terme que repr\u00e9sente la Russie pour la s\u00e9curit\u00e9 euro-atlantique\u00a0\u00bb.<\/p>\n<p>Lors de sa conf\u00e9rence de presse de cl\u00f4ture, <a href=\"https:\/\/www.humanite.fr\/monde\/depenses-militaires\/avant-le-sommet-de-lotan-donald-trump-sautocongratule-en-diffusant-les-sms-du-secretaire-general-mark-rutte\" rel=\"nofollow noopener\" target=\"_blank\">l<\/a><a href=\"https:\/\/www.humanite.fr\/monde\/depenses-militaires\/avant-le-sommet-de-lotan-donald-trump-sautocongratule-en-diffusant-les-sms-du-secretaire-general-mark-rutte\" data-type=\"post\" data-id=\"3037906\" rel=\"nofollow noopener\" target=\"_blank\">e secr\u00e9taire g\u00e9n\u00e9ral de l\u2019OTAN, Mark Rutte<\/a>, a \u00e9voqu\u00e9 un \u00ab\u00a0soutien continu\u00a0\u00bb \u00e0 Kiev, sous forme financi\u00e8re et mat\u00e9rielle, tout en promettant de d\u00e9fendre \u00ab\u00a0la voie irr\u00e9versible de son adh\u00e9sion \u00e0 l\u2019OTAN.\u00a0\u00bb. <a href=\"https:\/\/www.humanite.fr\/monde\/donald-trump\/poutine-est-devenu-completement-fou-derriere-les-declarations-de-trump-un-cessez-le-feu-en-ukraine-toujours-plus-improbable\" rel=\"nofollow noopener\" target=\"_blank\">Le pr\u00e9sident des \u00c9tats-Unis, Donald Trump<\/a>, a surtout salu\u00e9 un \u00ab\u00a0grand succ\u00e8s\u00a0\u00bb apr\u00e8s l\u2019engagement des 32 membres \u00e0 consacrer au moins 5\u00a0% de leur Produit int\u00e9rieur brut (PIB) \u00e0 leurs d\u00e9penses de s\u00e9curit\u00e9. Les doutes demeurent sur la r\u00e9alit\u00e9 concr\u00e8te de cette hausse historique, qui aura n\u00e9cessairement des impacts sur les budgets nationaux des divers \u00c9tats.<\/p>\n<p><a href=\"https:\/\/www.humanite.fr\/monde\/guerre-en-ukraine\/guerre-en-ukraine-onze-morts-dans-des-bombardements-russes-dans-la-region-de-dnipropetrovsk\" rel=\"nofollow noopener\" target=\"_blank\">La <\/a><a href=\"https:\/\/www.humanite.fr\/monde\/guerre-en-ukraine\/guerre-en-ukraine-onze-morts-dans-des-bombardements-russes-dans-la-region-de-dnipropetrovsk\" data-type=\"post\" data-id=\"3037428\" rel=\"nofollow noopener\" target=\"_blank\">guerre en Ukraine<\/a>, qui a domin\u00e9 les derniers sommets, semble moindre aux yeux de Washington depuis le conflit iranien et la situation au Moyen-Orient. Aux Pays-Bas, le dirigeant \u00e9tats-unien a d\u00e9clar\u00e9 que les pourparlers avec l\u2019Iran commenceront \u00ab\u00a0la semaine prochaine\u00a0\u00bb, assurant de nouveau que T\u00e9h\u00e9ran n\u2019a d\u00e9plac\u00e9 aucun mat\u00e9riel avant les bombardements sur les installations nucl\u00e9aires.<\/p>\n<p>\u00c0 La\u00a0Haye, Donald Trump et son homologue ukrainien ont pu s\u2019entretenir longuement ce mercredi, sans parvenir \u00e0 une r\u00e9ponse claire sur la strat\u00e9gie \u00e9tats-unienne. \u00ab\u00a0Nous avons discut\u00e9 des moyens de parvenir \u00e0 un cessez-le-feu et \u00e0 une vraie paix\u00a0\u00bb, plus de trois ans apr\u00e8s le d\u00e9but de l\u2019invasion russe, a indiqu\u00e9 Volodymyr Zelensky sur X, qualifiant cette rencontre de \u00ab\u00a0constructive\u00a0\u00bb. De son c\u00f4t\u00e9, le milliardaire am\u00e9ricain a d\u00e9crit une discussion \u00ab\u00a0tr\u00e8s agr\u00e9able\u00a0\u00bb et a promis de \u00ab\u00a0parler \u00e0 Vladimir Poutine pour voir si nous pouvons mettre fin \u00e0 cette guerre\u00a0\u00bb. Il a \u00e9galement rajout\u00e9 que Poutine devrait \u00ab\u00a0se retirer\u00a0\u00bb de l\u2019Ukraine\u00a0: \u00ab\u00a0c\u2019est un d\u00e9sastre pour lui\u00a0\u00bb.<\/p>\n<p>Le pr\u00e9sident ukrainien, appuy\u00e9 par de nombreux alli\u00e9s europ\u00e9ens, a tent\u00e9 de convaincre <a href=\"https:\/\/www.humanite.fr\/monde\/donald-trump\/appel-entre-trump-et-poutine-sur-lukraine-pourquoi-un-cessez-le-feu-est-encore-loin\" rel=\"nofollow noopener\" target=\"_blank\">Donald Trump de prononcer de nouvelles sanctions \u00e0 l\u2019encontre de la Russie<\/a>. \u00ab\u00a0Tout le monde doit bien comprendre qu\u2019\u00e0 l\u2019instant o\u00f9 nous imposerons des sanctions (suppl\u00e9mentaires, NDLR) \u00e0 la Russie, nous aurons fait ce que tout le monde attendait\u00a0\u00bb, mais \u00ab\u00a0nous perdrons probablement notre capacit\u00e9 \u00e0 discuter avec eux du cessez-le-feu\u00a0\u00bb, a r\u00e9pondu le secr\u00e9taire d\u2019\u00c9tat, Marco Rubio dans un entretien accord\u00e9 \u00e0 Politico. Les autorit\u00e9s ukrainiennes demandent \u00e9galement de nouvelles livraisons d\u2019armes, requ\u00eate \u00e0 laquelle Trump semble pr\u00eat \u00e0 acc\u00e9der, puisqu\u2019il s\u2019est engag\u00e9 \u00e0 voir si les \u00c9tats-Unis pouvaient fournir davantage de missiles Patriot.<\/p>\n<p>\u00catre le journal de la paix, notre d\u00e9fi quotidien<\/p>\n<p>Depuis Jaur\u00e8s, la d\u00e9fense de la paix est dans notre ADN.<\/p>\n<ul class=\"wp-block-list\">\n<li>Qui informe encore aujourd\u2019hui sur <strong>les actions des pacifistes<\/strong> pour le d\u00e9sarmement\u00a0?<\/li>\n<li>Combien de m\u00e9dias rappellent que <strong>les combats de d\u00e9colonisation <\/strong>ont encore cours, et qu\u2019ils doivent \u00eatre soutenus\u00a0?<\/li>\n<li>Combien valorisent les <strong>solidarit\u00e9s internationales<\/strong>, et s\u2019engagent sans ambigu\u00eft\u00e9 aux c\u00f4t\u00e9s des exil\u00e9s\u00a0?<\/li>\n<\/ul>\n<p><strong>Nos valeurs n\u2019ont pas de fronti\u00e8res.<\/strong><\/p>\n<p>Aidez-nous \u00e0 soutenir le droit \u00e0 l\u2019autod\u00e9termination et l\u2019option de la paix.<br \/><a href=\"https:\/\/www.humanite.fr\/lhumanite-cest-vous\" rel=\"nofollow noopener\" target=\"_blank\">Je veux en savoir plus\u00a0!<\/a><\/p>\n","protected":false},"excerpt":{"rendered":"Le pr\u00e9sident de l\u2019Ukraine Volodymyr Zelensky a vu le Conseil de l\u2019Europe confirmer son soutien envers sa cause.&hellip;\n","protected":false},"author":2,"featured_media":211984,"comment_status":"","ping_status":"","sticky":false,"template":"","format":"standard","meta":{"footnotes":""},"categories":[1590],"tags":[11,75,1777,674,131,2287,12,136,220,134],"class_list":{"0":"post-211983","1":"post","2":"type-post","3":"status-publish","4":"format-standard","5":"has-post-thumbnail","7":"category-ukraine","8":"tag-actualites","9":"tag-donald-trump","10":"tag-eu","11":"tag-europe","12":"tag-guerre-en-ukraine","13":"tag-mark-rutte","14":"tag-news","15":"tag-otan","16":"tag-ukraine","17":"tag-volodymyr-zelensky"},"share_on_mastodon":{"url":"https:\/\/pubeurope.com\/@fr\/114763501983236151","error":""},"_links":{"self":[{"href":"https:\/\/www.europesays.com\/fr\/wp-json\/wp\/v2\/posts\/211983","targetHints":{"allow":["GET"]}}],"collection":[{"href":"https:\/\/www.europesays.com\/fr\/wp-json\/wp\/v2\/posts"}],"about":[{"href":"https:\/\/www.europesays.com\/fr\/wp-json\/wp\/v2\/types\/post"}],"author":[{"embeddable":true,"href":"https:\/\/www.europesays.com\/fr\/wp-json\/wp\/v2\/users\/2"}],"replies":[{"embeddable":true,"href":"https:\/\/www.europesays.com\/fr\/wp-json\/wp\/v2\/comments?post=211983"}],"version-history":[{"count":0,"href":"https:\/\/www.europesays.com\/fr\/wp-json\/wp\/v2\/posts\/211983\/revisions"}],"wp:featuredmedia":[{"embeddable":true,"href":"https:\/\/www.europesays.com\/fr\/wp-json\/wp\/v2\/media\/211984"}],"wp:attachment":[{"href":"https:\/\/www.europesays.com\/fr\/wp-json\/wp\/v2\/media?parent=211983"}],"wp:term":[{"taxonomy":"category","embeddable":true,"href":"https:\/\/www.europesays.com\/fr\/wp-json\/wp\/v2\/categories?post=211983"},{"taxonomy":"post_tag","embeddable":true,"href":"https:\/\/www.europesays.com\/fr\/wp-json\/wp\/v2\/tags?post=211983"}],"curies":[{"name":"wp","href":"https:\/\/api.w.org\/{rel}","templated":true}]}}