{"id":211989,"date":"2025-06-28T23:08:09","date_gmt":"2025-06-28T23:08:09","guid":{"rendered":"https:\/\/www.europesays.com\/fr\/211989\/"},"modified":"2025-06-28T23:08:09","modified_gmt":"2025-06-28T23:08:09","slug":"langleterre-simpose-en-prolongation-contre-lallemagne-a-leuro-espoirs-et-conserve-son-titre-lequipe","status":"publish","type":"post","link":"https:\/\/www.europesays.com\/fr\/211989\/","title":{"rendered":"L&#039;Angleterre s&#039;impose en prolongation contre l&#039;Allemagne \u00e0 l&#039;Euro Espoirs et conserve son titre &#8211; L&#039;\u00c9quipe"},"content":{"rendered":"<ol>\n<li><a href=\"https:\/\/news.google.com\/rss\/articles\/CBMi3wFBVV95cUxPeU1XNUptSmlCcjlpVHdISThqcUc5cWNvTWJiME1adTdJZk1qeUVfSXNlX0k3NkFTc2RuSVYzX215OWxWTG13RXExXzlKT2MyQ1IxOTVadDM0UktzVnpPeFRjQUdlTExWemZ2TlF0QXpyUVYzSGxISU0xdXdUY2tmQlduV1FmR2FSbnRvYjB2LWhwOXlwanpJNlVpajhFU0pnZ25yaHdWTmY3LWFkZHVPN0tKY3pRMXBINHhhZWFQX28wenR5ckFKZnBMZnl0VmhqOFF0SjhUX3hma19TellR?oc=5\" target=\"_blank\" rel=\"nofollow noopener\">L&rsquo;Angleterre s&rsquo;impose en prolongation contre l&rsquo;Allemagne \u00e0 l&rsquo;Euro Espoirs et conserve son titre<\/a>&nbsp;&nbsp;L&rsquo;\u00c9quipe<\/li>\n<li><a href=\"https:\/\/news.google.com\/rss\/articles\/CBMisAFBVV95cUxPU0o3YVpjTDN2Vnp0S3E1SDIwb1RDVTJQVy0wVjRNV0dBVG4tT0RTZ2RmOWZucm5VNEt4R0JENFVhS0JfYnZhUi1ab0wyWERSbDM2V3BOM010TGRGaHE1d21yQ19md1BIUHlYeUxHVUlicGp5YzJzRjNoUUhSSW1DUXlzMklXbms0RXFkczlKLXV1aTFKNzNKaE9LbDFaQ3BMMUdFYXNaa1k5ZlFoYnl6Mg?oc=5\" target=\"_blank\" rel=\"nofollow noopener\">Angleterre Espoirs 3-2 Allemagne Espoirs, Euro Espoirs : L&rsquo;Angleterre garde la main<\/a>&nbsp;&nbsp;L&rsquo;\u00c9quipe<\/li>\n<li><a href=\"https:\/\/news.google.com\/rss\/articles\/CBMi0AFBVV95cUxOVnY5YkdXUWE2ZVJQYTFpaDNGcjR2ekIxWjcwNy1vWV9NX3lYT2JUR25vWnQ5dkthYWJWLW1ob1FJcXdwX283aFBTUmxjRjVCNFQtUlN0RjdwbEpvSkpxU19qTXRkM1E2MzBBOWJBNm1TWk1xWWtmeG9RVGFIX1p0ZjEyTVI5VTFqaThIdnRjWlkxY0c0R0Z6Z0dwYXQyT0dtOEQ4UHRGZzdTb2tvTjVMRHZ6QzFtRTRNa0ppTkJXaTltRE1WWkp4dmU3MHVtYXVx?oc=5\" target=\"_blank\" rel=\"nofollow noopener\">OM. Jonathan Rowe offre l&rsquo;Euro espoirs \u00e0 l&rsquo;Angleterre, CJ Egan-Riley \u00e9galement sacr\u00e9<\/a>&nbsp;&nbsp;La Provence<\/li>\n<li><a href=\"https:\/\/news.google.com\/rss\/articles\/CBMiqgFBVV95cUxQLWxHSVpvRTEtVUYyb2hXM3hNdlpVQzV6cmM5YnlvUldmUEFMeHlXZTVxWkswQU5QZzVYUjJFWGI3QS1TLTBkZTlwd0xYQW1xS1dyWWNpLWxxdmJFN0VKa2hVMkRxRzhuTV9TaFphZnJqNkN3M2ljclVIUHdYY2JzN2hMNkN6S2liUG1fM2JDQXVsVjg2aHhyU19QYlBoNjdUXzlMUEttZ3M5dw?oc=5\" target=\"_blank\" rel=\"nofollow noopener\">Euro U21 : l\u2019Angleterre conserve son titre face \u00e0 l\u2019Allemagne<\/a>&nbsp;&nbsp;Foot Mercato<\/li>\n<li><a href=\"https:\/\/news.google.com\/rss\/articles\/CBMigwJBVV95cUxNX0hybTF6Q3BqTzhXZzhlakxwbTgwMVNuOWwwbjRGa1AxY0dobElZWDZfOFh6QlJ5X3JfYXY4eW15WlllLWRHWmpzOVFkeVBWT0JzMzhpV2FCR1V5YTZjMWJibEJWVVpkeWVGTER3RXBid1pfSjJhamh1ZGFoVHZDZ2NuWWVDRzVCN25TcU5IMk1xaDVuM2I5MmNpbDZoaVd2WTRPY3VxSlJNVkt1LXMxUzVlbnlFdDFJcVM0UVJBb2JVUHU2VXVSQ2pBeHhXaHVBMEsxS1dxbW9TVjVMaWdiR3ZmX1AyRDRuLUNaR25jbHRraU53UHFwbGxMRUNpRUFGMnZz?oc=5\" target=\"_blank\" rel=\"nofollow noopener\">Angleterre &#8211; Allemagne. \u00c0 quelle heure et sur quelle cha\u00eene TV suivre la finale de l\u2019Euro Espoirs ?<\/a>&nbsp;&nbsp;Ouest-France<\/li>\n<\/ol>\n","protected":false},"excerpt":{"rendered":"L&rsquo;Angleterre s&rsquo;impose en prolongation contre l&rsquo;Allemagne \u00e0 l&rsquo;Euro Espoirs et conserve son titre&nbsp;&nbsp;L&rsquo;\u00c9quipe Angleterre Espoirs 3-2 Allemagne Espoirs,&hellip;\n","protected":false},"author":2,"featured_media":211990,"comment_status":"","ping_status":"","sticky":false,"template":"","format":"standard","meta":{"footnotes":""},"categories":[1587],"tags":[11,672,1804,1805,1803,1777,674,1801,12,1802],"class_list":{"0":"post-211989","1":"post","2":"type-post","3":"status-publish","4":"format-standard","5":"has-post-thumbnail","7":"category-allemagne","8":"tag-actualites","9":"tag-allemagne","10":"tag-bundesrepublik-deutschland","11":"tag-de","12":"tag-deutschland","13":"tag-eu","14":"tag-europe","15":"tag-germany","16":"tag-news","17":"tag-republique-federale-dallemagne"},"share_on_mastodon":{"url":"","error":""},"_links":{"self":[{"href":"https:\/\/www.europesays.com\/fr\/wp-json\/wp\/v2\/posts\/211989","targetHints":{"allow":["GET"]}}],"collection":[{"href":"https:\/\/www.europesays.com\/fr\/wp-json\/wp\/v2\/posts"}],"about":[{"href":"https:\/\/www.europesays.com\/fr\/wp-json\/wp\/v2\/types\/post"}],"author":[{"embeddable":true,"href":"https:\/\/www.europesays.com\/fr\/wp-json\/wp\/v2\/users\/2"}],"replies":[{"embeddable":true,"href":"https:\/\/www.europesays.com\/fr\/wp-json\/wp\/v2\/comments?post=211989"}],"version-history":[{"count":0,"href":"https:\/\/www.europesays.com\/fr\/wp-json\/wp\/v2\/posts\/211989\/revisions"}],"wp:featuredmedia":[{"embeddable":true,"href":"https:\/\/www.europesays.com\/fr\/wp-json\/wp\/v2\/media\/211990"}],"wp:attachment":[{"href":"https:\/\/www.europesays.com\/fr\/wp-json\/wp\/v2\/media?parent=211989"}],"wp:term":[{"taxonomy":"category","embeddable":true,"href":"https:\/\/www.europesays.com\/fr\/wp-json\/wp\/v2\/categories?post=211989"},{"taxonomy":"post_tag","embeddable":true,"href":"https:\/\/www.europesays.com\/fr\/wp-json\/wp\/v2\/tags?post=211989"}],"curies":[{"name":"wp","href":"https:\/\/api.w.org\/{rel}","templated":true}]}}