{"id":212001,"date":"2025-06-28T23:14:10","date_gmt":"2025-06-28T23:14:10","guid":{"rendered":"https:\/\/www.europesays.com\/fr\/212001\/"},"modified":"2025-06-28T23:14:10","modified_gmt":"2025-06-28T23:14:10","slug":"nastasia-nadaud-6e-apres-trois-tours-de-lamundi-german-masters-shannon-tan-en-tete-lequipe","status":"publish","type":"post","link":"https:\/\/www.europesays.com\/fr\/212001\/","title":{"rendered":"Nastasia Nadaud 6e apr\u00e8s trois tours de l&#039;Amundi German Masters, Shannon Tan en t\u00eate &#8211; L&#039;\u00c9quipe"},"content":{"rendered":"<ol>\n<li><a href=\"https:\/\/news.google.com\/rss\/articles\/CBMiygFBVV95cUxOV3ppNmMwWEpZaTRmeWRjcVoweEtla1pCZWFqeHNGdFo2azRzOHhBa3JiZVA4cVB5LTd6aURoMldNUnZUUkhhSlZNTThjSWFIdXZoMUpiTFV0T2pzMFhMRm1HV0pHT0ppRFB2TFdGYUw5VFhCMjEzNS04b2pXaXFxa3NlUHJlQkh5VEwyY1JFN0FZSHFIYnRqcnVnS1NFRHYwZ1ltNi1mS2d0SkdzODZnQ21CekRaMW1SbmF3Q3NseUxDcnBCRXUtQ3pn?oc=5\" target=\"_blank\" rel=\"nofollow noopener\">Nastasia Nadaud 6e apr\u00e8s trois tours de l&rsquo;Amundi German Masters, Shannon Tan en t\u00eate<\/a>&nbsp;&nbsp;L&rsquo;\u00c9quipe<\/li>\n<li><a href=\"https:\/\/news.google.com\/rss\/articles\/CBMijAFBVV95cUxNSFRtUjE4Z1ctajc4dmVZOXMwam1NdHJ3c3NsUGZZWlQ3WGxxSzNYOFJyS0ROTDlZT0lRWUxrNmhfSDBDbDB4Mm04ZWl6eHBaZU9LMjRBUWY0N2hMRDh4dUdTcWlSQWlGV2VuQ1hDYk5LdXYwSzVjRGxoWktPaXJuMVhqZkxFT1dPQkU0UQ?oc=5\" target=\"_blank\" rel=\"nofollow noopener\">Golf professionnel : Nadaud se place<\/a>&nbsp;&nbsp;F\u00e9d\u00e9ration Fran\u00e7aise de Golf<\/li>\n<li><a href=\"https:\/\/news.google.com\/rss\/articles\/CBMimgJBVV95cUxOV3VPQW1EdnBaV0l0SHMyWHRQSkJWSnBfa1NzWUExSDFfVmd6RzRtYkFuOEJVeUFWOU9jQWg3WnhOUlcxRmxObzJLc2FLanZqOGlrUDBuRnNKZTk3ajdnT0JNLXZ4TFByTFVPSkF5d1UyZ2dFQXI3MlI1Z0htUEhJWERjY0VJRjU5SlZlb0NvZGtaYnZ6QlFZb1c5c0lYcWtMSWZPT3ZLYUpxcExTZkNUQWJESVNBcUVDRXpzUE1yUHNMSXlRTkhWUUdDdEVmYmFEZUxReWhYWWdDWHIzNGppNnN4VmZtS1BSSF83UC1lMlpscG9fQlN6bTZkOGNVd0RSaUVhVVhxalZndlVPMzBiOU5TTm9MQmpPRnc?oc=5\" target=\"_blank\" rel=\"nofollow noopener\">Golf. Let &#8211; Briem et S\u00fcdow en t\u00eate \u00e0 mi-parcours de l\u2019Amundi German Masters. Klotz et Nadaud 16es<\/a>&nbsp;&nbsp;Ouest-France<\/li>\n<li><a href=\"https:\/\/news.google.com\/rss\/articles\/CBMi8gFBVV95cUxQYl84ampaU2xrNlNvU01CQjUyRXZoZmtiQWZkakZKdFFEOEw2NkRoSlhFanRENHoyNG0teXAyMU8yWlV1b251MVJQOWIwTnZkbjFGWFQ1M0MwNkpORDgzOHV1RllqMVpmRGRBVHZtaVRqMmNaeWxzY29mcWV6bV9QbGpyNFdtS3pkLW5Bb0J1elJhSkhDem9RTVpHUWNfSko3VWllWE1Pck0yYmpNQkkyNUpXa3pmT183VGFhMFN2T0QzNG9TRUVObGl5dWROcEp0ek1mQXhKMjZrVVQtV09hTjhkZ0lzb1M4SlpLYmhMYkVmUQ?oc=5\" target=\"_blank\" rel=\"nofollow noopener\">Helen Briem en t\u00eate \u00e0 domicile avec Ellinor Sudow, Ariane Klotz et Nastasia Nadaud dans le coup<\/a>&nbsp;&nbsp;Golf Plan\u00e8te<\/li>\n<li><a href=\"https:\/\/news.google.com\/rss\/articles\/CBMinAJBVV95cUxNSjZLZWh4X0ZJbWlacHhDNVRpeWlaZ3dPYWRlN1BJQldBdllad0lMdm9hZ243bGJCeWZnOWtpMmlqam8xbjNrbVRyQ3YwNGFLNG5KRllYVnl3RVFPODRtNVQ2S2owN0E5bVVpNGc3dXBDZFZJV09Ia1pVVjB3dlNPX2ZXaklLdnZIRVhBLWFxMEtsSUhpdU8taWVVR0ZIeHo4ZHQ4UkJxMTBxX0ZZOHZQLWhIV3ZiQjBzMWlWa2xma25ILXoxdUYtOXdyakZ6eTVkY1ZQODlNempxQU9ibHpxOGVDRnAxMUthTVVYcFhMWXNPbnhaRDdhT2JsZThtY2FwOFpfekJkbEp4RzhhYWR4bW43dEtHWFRVVE9qNQ?oc=5\" target=\"_blank\" rel=\"nofollow noopener\">Golf. Let &#8211; German Masters: Quatre joueuses en t\u00eate apr\u00e8s le premier tour de l\u2019Amundi German Masters<\/a>&nbsp;&nbsp;Ouest-France<\/li>\n<\/ol>\n","protected":false},"excerpt":{"rendered":"Nastasia Nadaud 6e apr\u00e8s trois tours de l&rsquo;Amundi German Masters, Shannon Tan en t\u00eate&nbsp;&nbsp;L&rsquo;\u00c9quipe Golf professionnel : Nadaud&hellip;\n","protected":false},"author":2,"featured_media":212002,"comment_status":"","ping_status":"","sticky":false,"template":"","format":"standard","meta":{"footnotes":""},"categories":[1418],"tags":[1011,27,1472,60],"class_list":{"0":"post-212001","1":"post","2":"type-post","3":"status-publish","4":"format-standard","5":"has-post-thumbnail","7":"category-golf","8":"tag-fr","9":"tag-france","10":"tag-golf","11":"tag-sports"},"share_on_mastodon":{"url":"https:\/\/pubeurope.com\/@fr\/114763534373350247","error":""},"_links":{"self":[{"href":"https:\/\/www.europesays.com\/fr\/wp-json\/wp\/v2\/posts\/212001","targetHints":{"allow":["GET"]}}],"collection":[{"href":"https:\/\/www.europesays.com\/fr\/wp-json\/wp\/v2\/posts"}],"about":[{"href":"https:\/\/www.europesays.com\/fr\/wp-json\/wp\/v2\/types\/post"}],"author":[{"embeddable":true,"href":"https:\/\/www.europesays.com\/fr\/wp-json\/wp\/v2\/users\/2"}],"replies":[{"embeddable":true,"href":"https:\/\/www.europesays.com\/fr\/wp-json\/wp\/v2\/comments?post=212001"}],"version-history":[{"count":0,"href":"https:\/\/www.europesays.com\/fr\/wp-json\/wp\/v2\/posts\/212001\/revisions"}],"wp:featuredmedia":[{"embeddable":true,"href":"https:\/\/www.europesays.com\/fr\/wp-json\/wp\/v2\/media\/212002"}],"wp:attachment":[{"href":"https:\/\/www.europesays.com\/fr\/wp-json\/wp\/v2\/media?parent=212001"}],"wp:term":[{"taxonomy":"category","embeddable":true,"href":"https:\/\/www.europesays.com\/fr\/wp-json\/wp\/v2\/categories?post=212001"},{"taxonomy":"post_tag","embeddable":true,"href":"https:\/\/www.europesays.com\/fr\/wp-json\/wp\/v2\/tags?post=212001"}],"curies":[{"name":"wp","href":"https:\/\/api.w.org\/{rel}","templated":true}]}}