{"id":212003,"date":"2025-06-28T23:16:09","date_gmt":"2025-06-28T23:16:09","guid":{"rendered":"https:\/\/www.europesays.com\/fr\/212003\/"},"modified":"2025-06-28T23:16:09","modified_gmt":"2025-06-28T23:16:09","slug":"toulouse-ubb-top-14-des-gens-nous-manquent-on-a-connu-des-drames-forts-autour-de-nous-ugo-mola-emu-au-coup-de-sifflet-final","status":"publish","type":"post","link":"https:\/\/www.europesays.com\/fr\/212003\/","title":{"rendered":"Toulouse \u2013 UBB. Top 14 \u2013 \u00ab\u00a0Des gens nous manquent, on a connu des drames forts autour de nous\u00a0\u00bb : Ugo Mola, \u00e9mu au coup de sifflet final"},"content":{"rendered":"<p>\n                Dans son style toujours, Ugo Mola a pris la parole sur Canal +\u00a0apr\u00e8s la rencontre sur ce bouclier de Brennus, synonyme d\u2019un aboutissement magique au terme d\u2019une saison heurt\u00e9e. Il a salu\u00e9 les disparus et son groupe de joueurs, encore une fois vainqueur de ce fameux bout de bois.\n            <\/p>\n<p>Apr\u00e8s le coup de sifflet final, Ugo Mola, encore sous l\u2019\u00e9motion et quelque peu le regard dans le vide, est venu avec son sourire pour r\u00e9agir \u00e0 la victoire de ses prot\u00e9g\u00e9s. Dans ce qu\u2019il avait d\u00e9j\u00e0 pu \u00e9voquer toute au long de la semaine d\u2019avant-match et de cette saison en enfer, le patron de la maison rouge et noire a soulign\u00e9 que ce bouclier valait pour son groupe mais aussi pour les membres proches disparus au cours de la saison \u00e9prouvante.\u00a0\u00ab\u00a0Il y a des choses futiles dans la vie, le rugby est futile, commen\u00e7ait Mola. Le rugby est notre passion, mais \u00e7a reste du sport. Deux \u00e9quipes formidables, valeureuses, qui, je pense, ont donn\u00e9 un spectacle \u00e0 fort suspense, m\u00eame si le rugby n\u2019\u00e9tait pas de premier ordre. <strong><a href=\"https:\/\/www.rugbyrama.fr\/2025\/06\/21\/top-14-on-a-vecu-une-saison-en-enfer-alors-etre-en-finale-de-celle-la-ugo-mola-savoure-la-resilience-toulousaine-12776252.php\" target=\"_self\" rel=\"nofollow noopener\">Mais \u00e9videmment que des gens nous manquent, qu\u2019on s\u2019est construit dans la difficult\u00e9, qu\u2019on a connu des drames forts autour de nous.<\/a><\/strong> J\u2019ai une grosse pens\u00e9e pour la famille de Mehdi (Narjissi, jeune joueur de Toulouse, disparu en mer l\u2019\u00e9t\u00e9 dernier). Je ne veux pas faire de mis\u00e9rabilisme mais c\u2019\u00e9tait des choses qui comptaient pour nous. Et \u00e7a d\u00e9passe le cadre du jeu, \u00e7a d\u00e9passe le cadre du rugby, \u00e7a d\u00e9passe le cadre des rivalit\u00e9s. Ce qui est s\u00fbr, c\u2019est qu\u2019on a v\u00e9cu des moments qui nous ont marqu\u00e9s \u00e0 vie. Et celui-l\u00e0 (le 24\u00e8me Bouclier de Brennus, NDLR) va aider \u00e0 nous reconstruire pour la suite.\u00a0\u00bb<\/p>\n<p>\u00ab\u00a0On n&rsquo;est jaloux de rien\u00a0\u00bb<\/p>\n<p>Ensuite, le manager du Stade toulousain a \u00e9t\u00e9 invit\u00e9\u00a0\u00e0 expliquer la force de son groupe \u00e0 r\u00e9agir, alors malmen\u00e9 par une UBB revigor\u00e9e\u00a0: \u00ab\u00a0Je crois d\u00e9j\u00e0 qu\u2019il y a un bout d\u2019exp\u00e9rience, parce qu\u2019on avait d\u00e9j\u00e0 v\u00e9cu \u00e7a avec la finale de Coupe d\u2019Europe. \u00c9videmment, les vainqueurs ont toutes les qualit\u00e9s de la terre, mais j\u2019ai un groupe incroyable dans le quotidien, dans leur capacit\u00e9 \u00e0 ne jamais l\u00e2cher, \u00e0 jamais chercher d\u2019excuses, et surtout ne pas jeter la faute sur l\u2019autre. Et \u00e7a, c\u2019est une force assez incroyable. On n&rsquo;est jaloux de rien, on est juste nous. Alors, parfois, on d\u00e9range, mais\u00a0on est juste nous.\u00a0\u00bb Toulouse remporte son 24\u00e8me Bouclier de Brennus \u2013 le troisi\u00e8me de rang- sans Antoine Dupont et sans Ange Capuozzo, entre autres, absents en phase\u00a0finale.<\/p>\n","protected":false},"excerpt":{"rendered":"Dans son style toujours, Ugo Mola a pris la parole sur Canal +\u00a0apr\u00e8s la rencontre sur ce bouclier&hellip;\n","protected":false},"author":2,"featured_media":212004,"comment_status":"","ping_status":"","sticky":false,"template":"","format":"standard","meta":{"footnotes":""},"categories":[1416],"tags":[1011,27,479,1468,60],"class_list":{"0":"post-212003","1":"post","2":"type-post","3":"status-publish","4":"format-standard","5":"has-post-thumbnail","7":"category-rugby","8":"tag-fr","9":"tag-france","10":"tag-rugby","11":"tag-rugby-football","12":"tag-sports"},"share_on_mastodon":{"url":"https:\/\/pubeurope.com\/@fr\/114763542266827402","error":""},"_links":{"self":[{"href":"https:\/\/www.europesays.com\/fr\/wp-json\/wp\/v2\/posts\/212003","targetHints":{"allow":["GET"]}}],"collection":[{"href":"https:\/\/www.europesays.com\/fr\/wp-json\/wp\/v2\/posts"}],"about":[{"href":"https:\/\/www.europesays.com\/fr\/wp-json\/wp\/v2\/types\/post"}],"author":[{"embeddable":true,"href":"https:\/\/www.europesays.com\/fr\/wp-json\/wp\/v2\/users\/2"}],"replies":[{"embeddable":true,"href":"https:\/\/www.europesays.com\/fr\/wp-json\/wp\/v2\/comments?post=212003"}],"version-history":[{"count":0,"href":"https:\/\/www.europesays.com\/fr\/wp-json\/wp\/v2\/posts\/212003\/revisions"}],"wp:featuredmedia":[{"embeddable":true,"href":"https:\/\/www.europesays.com\/fr\/wp-json\/wp\/v2\/media\/212004"}],"wp:attachment":[{"href":"https:\/\/www.europesays.com\/fr\/wp-json\/wp\/v2\/media?parent=212003"}],"wp:term":[{"taxonomy":"category","embeddable":true,"href":"https:\/\/www.europesays.com\/fr\/wp-json\/wp\/v2\/categories?post=212003"},{"taxonomy":"post_tag","embeddable":true,"href":"https:\/\/www.europesays.com\/fr\/wp-json\/wp\/v2\/tags?post=212003"}],"curies":[{"name":"wp","href":"https:\/\/api.w.org\/{rel}","templated":true}]}}