{"id":212013,"date":"2025-06-28T23:22:10","date_gmt":"2025-06-28T23:22:10","guid":{"rendered":"https:\/\/www.europesays.com\/fr\/212013\/"},"modified":"2025-06-28T23:22:10","modified_gmt":"2025-06-28T23:22:10","slug":"psg-inter-miami-lequipe-parisienne-annoncee-sans-dembele","status":"publish","type":"post","link":"https:\/\/www.europesays.com\/fr\/212013\/","title":{"rendered":"PSG\/Inter Miami &#8211; L&rsquo;\u00e9quipe parisienne annonc\u00e9e sans Demb\u00e9l\u00e9"},"content":{"rendered":"<p><strong>Ce dimanche, le Paris Saint-Germain affronte l\u2019Inter Miami au Mercedes-Benz Stadium d\u2019Atlanta pour le compte des 8es de finale de la Coupe du Monde des Clubs 2025 (coup d\u2019envoi \u00e0 21h, diffusion sur DAZN). A la veille du match, Le Parisien a avanc\u00e9 une \u00e9quipe parisienne probable.<\/strong><\/p>\n<p style=\"text-align: center;\">Barcola- Kvaratskhelia \u2013 Dou\u00e9<\/p>\n<p style=\"text-align: center;\">Ruiz \u2013 Vitinha \u2013 Neves<\/p>\n<p style=\"text-align: center;\">Mendes \u2013 Pacho \u2013 Marquinhos \u2013 Hakimi<\/p>\n<p style=\"text-align: center;\">Donnarumma<\/p>\n<p>C\u2019est une \u00e9quipe tout \u00e0 fait envisageable, sans que l\u2019on ne puisse \u00eatre s\u00fbr. On s\u2019attend, bien s\u00fbr, \u00e0 un onze comp\u00e9titif. Possiblement avec un peu de turnover afin d\u2019\u00e9viter les blessures au bout de cette saison intense. Il faut aussi penser \u00e0 concerner tout le monde afin de garder un collectif fort, dans le rythme.<\/p>\n<p>Reste \u00e0 voir ce que cela va donner exactement, alors qu\u2019il y a des doutes possibles \u00e0 plusieurs postes. Sans oublier le cas d\u2019Ousmane Demb\u00e9l\u00e9, qui s\u2019entra\u00eene avec le groupe depuis une semaine et pourrait faire son retour apr\u00e8s sa blessure musculaire. Mais il n\u2019\u00e9tait m\u00eame pas sur la feuille de match lundi contre les Seattle Sounders. Une titularisation est loin d\u2019\u00eatre acquise, une entr\u00e9e de jeu au moins est bien \u00e0 esp\u00e9rer.<\/p>\n<p>\t\t\t\t\t\t\t\t\t\t\t\t\t\t\t\t\t\t\t\t\t\t\t<img loading=\"lazy\" src=\"https:\/\/www.europesays.com\/fr\/wp-content\/uploads\/2025\/04\/ParisFans_Logo.png\" decoding=\"async\" class=\"lazyload\" width=\"240\" height=\"54\" data-eio-rwidth=\"240\" data-eio-rheight=\"54\"\/><\/p>\n","protected":false},"excerpt":{"rendered":"Ce dimanche, le Paris Saint-Germain affronte l\u2019Inter Miami au Mercedes-Benz Stadium d\u2019Atlanta pour le compte des 8es de&hellip;\n","protected":false},"author":2,"featured_media":212014,"comment_status":"","ping_status":"","sticky":false,"template":"","format":"standard","meta":{"footnotes":""},"categories":[1410],"tags":[63,1011,27,34013,60,96],"class_list":{"0":"post-212013","1":"post","2":"type-post","3":"status-publish","4":"format-standard","5":"has-post-thumbnail","7":"category-football","8":"tag-football","9":"tag-fr","10":"tag-france","11":"tag-psg-inter-miami","12":"tag-sports","13":"tag-une"},"share_on_mastodon":{"url":"https:\/\/pubeurope.com\/@fr\/114763565885123502","error":""},"_links":{"self":[{"href":"https:\/\/www.europesays.com\/fr\/wp-json\/wp\/v2\/posts\/212013","targetHints":{"allow":["GET"]}}],"collection":[{"href":"https:\/\/www.europesays.com\/fr\/wp-json\/wp\/v2\/posts"}],"about":[{"href":"https:\/\/www.europesays.com\/fr\/wp-json\/wp\/v2\/types\/post"}],"author":[{"embeddable":true,"href":"https:\/\/www.europesays.com\/fr\/wp-json\/wp\/v2\/users\/2"}],"replies":[{"embeddable":true,"href":"https:\/\/www.europesays.com\/fr\/wp-json\/wp\/v2\/comments?post=212013"}],"version-history":[{"count":0,"href":"https:\/\/www.europesays.com\/fr\/wp-json\/wp\/v2\/posts\/212013\/revisions"}],"wp:featuredmedia":[{"embeddable":true,"href":"https:\/\/www.europesays.com\/fr\/wp-json\/wp\/v2\/media\/212014"}],"wp:attachment":[{"href":"https:\/\/www.europesays.com\/fr\/wp-json\/wp\/v2\/media?parent=212013"}],"wp:term":[{"taxonomy":"category","embeddable":true,"href":"https:\/\/www.europesays.com\/fr\/wp-json\/wp\/v2\/categories?post=212013"},{"taxonomy":"post_tag","embeddable":true,"href":"https:\/\/www.europesays.com\/fr\/wp-json\/wp\/v2\/tags?post=212013"}],"curies":[{"name":"wp","href":"https:\/\/api.w.org\/{rel}","templated":true}]}}