{"id":212017,"date":"2025-06-28T23:24:24","date_gmt":"2025-06-28T23:24:24","guid":{"rendered":"https:\/\/www.europesays.com\/fr\/212017\/"},"modified":"2025-06-28T23:24:24","modified_gmt":"2025-06-28T23:24:24","slug":"projet-nouvelle-renaissance-le-louvre-lance-un-concours-international-darchitecture-pour-se-moderniser","status":"publish","type":"post","link":"https:\/\/www.europesays.com\/fr\/212017\/","title":{"rendered":"Projet \u00ab\u00a0Nouvelle Renaissance\u00a0\u00bb\u00a0: le Louvre lance un concours international d\u2019architecture pour se moderniser"},"content":{"rendered":"<p class=\"paragraph text_align_left lp-f-body-02\">Le <a href=\"https:\/\/www.leparisien.fr\/paris-75\/musee-du-louvre\/\" target=\"_blank\" rel=\"noreferrer nofollow noopener\">Louvre<\/a> r\u00eave d\u2019un nouveau visage et emploie les grands moyens pour se l\u2019offrir. Un appel aux architectes du monde entier vient d\u2019\u00eatre lanc\u00e9 par le mus\u00e9e pour participer \u00e0 un concours et devenir celui qui r\u00e9inventera l\u2019exp\u00e9rience des <a href=\"https:\/\/www.leparisien.fr\/paris-75\/le-musee-du-louvre-maintient-sa-frequentation-en-2024-malgre-la-parenthese-jo-06-01-2025-6Z6LNYWQYNHCZPKR6SP5RBSUKU.php\" target=\"_blank\" rel=\"noreferrer nofollow noopener\">10 millions de visiteurs<\/a> annuels du mus\u00e9e.<\/p>\n<blockquote class=\"twitter-tweet\">\n<p lang=\"fr\" dir=\"ltr\">Fi\u00e8re d\u2019annoncer le lancement du concours international d\u2019architecture pour le projet \u201cLouvre \u2013 Nouvelle Renaissance\u201d, port\u00e9 par la volont\u00e9 du Pr\u00e9sident de la R\u00e9publique <a href=\"https:\/\/twitter.com\/EmmanuelMacron?ref_src=twsrc%5Etfw\" rel=\"nofollow noopener\" target=\"_blank\">@EmmanuelMacron<\/a>.<\/p>\n<p>Une ambition forte pour le premier mus\u00e9e du monde et pour <a href=\"https:\/\/twitter.com\/hashtag\/Paris?src=hash&amp;ref_src=twsrc%5Etfw\" rel=\"nofollow noopener\" target=\"_blank\">#Paris<\/a> : pr\u00e8s de 10 millions de\u2026 <a href=\"https:\/\/t.co\/Wwl6Bpedfb\" rel=\"nofollow\">pic.twitter.com\/Wwl6Bpedfb<\/a><\/p>\n<p>\u2014 Rachida Dati \u0646 (@datirachida) <a href=\"https:\/\/twitter.com\/datirachida\/status\/1938471082568122803?ref_src=twsrc%5Etfw\" rel=\"nofollow noopener\" target=\"_blank\">June 27, 2025<\/a><\/p><\/blockquote>\n<p class=\"paragraph text_align_left lp-f-body-02\">C\u2019est <a href=\"https:\/\/www.leparisien.fr\/politique\/rachida-dati\/\" target=\"_blank\" rel=\"noreferrer nofollow noopener\">Rachida Dati<\/a>, la ministre de la Culture, qui a annonc\u00e9 la nouvelle ce vendredi matin via les r\u00e9seaux sociaux : \u00ab Fi\u00e8re d\u2019annoncer le lancement du concours international d\u2019architecture pour le projet Louvre \u2013 Nouvelle Renaissance, port\u00e9 par la volont\u00e9 du Pr\u00e9sident de la R\u00e9publique Emmanuel Macron \u00bb. Un projet ambitieux pour le plus grand mus\u00e9e du monde et pour Paris, promettant de nouveaux parcours, espaces, acc\u00e8s et abords.<\/p>\n<p>Plus grand concours d\u2019architecture mus\u00e9al au monde<\/p>\n<p class=\"paragraph text_align_left lp-f-body-02\">Ce projet, baptis\u00e9 \u00ab Louvre \u2013 Nouvelle Renaissance \u00bb, s\u2019inscrit dans une vision de <a href=\"https:\/\/www.leparisien.fr\/culture-loisirs\/avaries-degradations-saturation-le-rapport-confidentiel-qui-alerte-sur-letat-du-musee-du-louvre-22-01-2025-VHQGISLZM5D4ZBALW3KURS44VI.php#:~:text=Celui%20d&#039;un%20%C3%A9difice%20con%C3%A7u,8%2C7%20millions%20en%202024.\" target=\"_blank\" rel=\"noreferrer nofollow noopener\">modernisation<\/a> et d\u2019am\u00e9lioration de l\u2019accueil des visiteurs. Il vise notamment \u00e0 repenser les flux, \u00e0 cr\u00e9er de nouveaux espaces d\u2019exposition et de services, et \u00e0 am\u00e9liorer l\u2019int\u00e9gration du mus\u00e9e dans son environnement urbain. Un<a href=\"https:\/\/www.leparisien.fr\/culture-loisirs\/avaries-degradations-saturation-le-rapport-confidentiel-qui-alerte-sur-letat-du-musee-du-louvre-22-01-2025-VHQGISLZM5D4ZBALW3KURS44VI.php#:~:text=Celui%20d&#039;un%20%C3%A9difice%20con%C3%A7u,8%2C7%20millions%20en%202024.\" target=\"_blank\" rel=\"noreferrer nofollow noopener\"> rapport confidentiel alarmant<\/a> sur l\u2019\u00e9tat du mus\u00e9e d\u00e9voil\u00e9 au mois de janvier \u00e9voquait entre autres des \u00ab avaries \u00bb et une \u00ab obsolescence inqui\u00e9tante \u00bb des b\u00e2timents.<\/p>\n<p class=\"paragraph text_align_left lp-f-body-02\">En juin 2025, le maire de Paris Centre, Ariel Weil (PS) annon\u00e7ait dans nos colonnes que le lifting de la place serait confi\u00e9 au mus\u00e9e lui-m\u00eame pour une transformation en profondeur gr\u00e2ce \u00e0 un \u00ab <a href=\"https:\/\/www.leparisien.fr\/paris-75\/paris-confie-le-lifting-de-la-place-du-louvre-au-musee-pour-mieux-integrer-le-site-a-son-paysage-urbain-06-06-2025-QGGELBDVFJGHTOKJQNM2NVXTX4.php\" target=\"_blank\" rel=\"noreferrer nofollow noopener\">transfert de la ma\u00eetrise d\u2019ouvrage<\/a> de l\u2019am\u00e9nagement de la place du Louvre et de ses abords \u00bb \u00e0 l\u2019\u00e9tablissement public. Des concertations avaient d\u00e9j\u00e0 eu lieu en octobre 2024 pour d\u00e9finir le <a href=\"https:\/\/www.leparisien.fr\/paris-75\/concertations-futur-cahier-des-charges-le-reamenagement-de-la-place-du-louvre-en-bonne-voie-10-10-2024-HIBVUYW6DNFZJGIGQIRPZP3R4Y.php\" target=\"_blank\" rel=\"noreferrer nofollow noopener\">cahier des charges de ce r\u00e9am\u00e9nagement<\/a>.<\/p>\n<p class=\"paragraph text_align_left lp-f-body-02\">Le financement de ce projet d\u2019envergure est assur\u00e9 par \u00ab une nouvelle politique tarifaire \u00bb mise en place par Rachida Dati, ainsi que par un m\u00e9c\u00e9nat activement lev\u00e9 par le pr\u00e9sident Macron. Cette approche permet d\u2019autofinancer en grande partie les travaux, estim\u00e9s \u00e0 <a href=\"https:\/\/www.leparisien.fr\/culture-loisirs\/800-millions-deuros-de-travaux-au-musee-du-louvre-qui-va-payer-la-facture-28-01-2025-AKTSRXLINRB2LAG5ONNYKKV5TQ.php\" target=\"_blank\" rel=\"noreferrer nofollow noopener\">800 millions d\u2019euros<\/a>.<\/p>\n<p class=\"paragraph text_align_left lp-f-body-02\">\u00ab Il s\u2019agit du plus grand concours d\u2019architecture mus\u00e9ale au monde \u00bb, a d\u00e9clar\u00e9 Rachida Dati, insistant sur l\u2019ampleur et l\u2019importance de cet \u00e9v\u00e9nement pour le rayonnement culturel de la France.<\/p>\n<p class=\"paragraph text_align_left lp-f-body-02\">Un projet pl\u00e9biscit\u00e9 par de nombreux parisien. En 2024, plus de 70 % des participants \u00e0 la votation citoyenne de Paris Centre se pronon\u00e7aient pour la transformation de \u00ab ce terrain vague \u00bb en un \u00ab grand projet patrimonial, pi\u00e9tonnis\u00e9 et v\u00e9g\u00e9talis\u00e9 \u00bb.<\/p>\n<p><script async src=\"https:\/\/platform.twitter.com\/widgets.js\" charset=\"utf-8\"><\/script><\/p>\n","protected":false},"excerpt":{"rendered":"Le Louvre r\u00eave d\u2019un nouveau visage et emploie les grands moyens pour se l\u2019offrir. Un appel aux architectes&hellip;\n","protected":false},"author":2,"featured_media":212018,"comment_status":"","ping_status":"","sticky":false,"template":"","format":"standard","meta":{"footnotes":""},"categories":[1358],"tags":[1348,1384,1385,1386,58,59,1011,27,1944,626],"class_list":{"0":"post-212017","1":"post","2":"type-post","3":"status-publish","4":"format-standard","5":"has-post-thumbnail","7":"category-arts-et-design","8":"tag-arts","9":"tag-arts-and-design","10":"tag-arts-et-design","11":"tag-design","12":"tag-divertissement","13":"tag-entertainment","14":"tag-fr","15":"tag-france","16":"tag-ma-ville","17":"tag-paris"},"share_on_mastodon":{"url":"https:\/\/pubeurope.com\/@fr\/114763573721094185","error":""},"_links":{"self":[{"href":"https:\/\/www.europesays.com\/fr\/wp-json\/wp\/v2\/posts\/212017","targetHints":{"allow":["GET"]}}],"collection":[{"href":"https:\/\/www.europesays.com\/fr\/wp-json\/wp\/v2\/posts"}],"about":[{"href":"https:\/\/www.europesays.com\/fr\/wp-json\/wp\/v2\/types\/post"}],"author":[{"embeddable":true,"href":"https:\/\/www.europesays.com\/fr\/wp-json\/wp\/v2\/users\/2"}],"replies":[{"embeddable":true,"href":"https:\/\/www.europesays.com\/fr\/wp-json\/wp\/v2\/comments?post=212017"}],"version-history":[{"count":0,"href":"https:\/\/www.europesays.com\/fr\/wp-json\/wp\/v2\/posts\/212017\/revisions"}],"wp:featuredmedia":[{"embeddable":true,"href":"https:\/\/www.europesays.com\/fr\/wp-json\/wp\/v2\/media\/212018"}],"wp:attachment":[{"href":"https:\/\/www.europesays.com\/fr\/wp-json\/wp\/v2\/media?parent=212017"}],"wp:term":[{"taxonomy":"category","embeddable":true,"href":"https:\/\/www.europesays.com\/fr\/wp-json\/wp\/v2\/categories?post=212017"},{"taxonomy":"post_tag","embeddable":true,"href":"https:\/\/www.europesays.com\/fr\/wp-json\/wp\/v2\/tags?post=212017"}],"curies":[{"name":"wp","href":"https:\/\/api.w.org\/{rel}","templated":true}]}}