{"id":212019,"date":"2025-06-28T23:25:09","date_gmt":"2025-06-28T23:25:09","guid":{"rendered":"https:\/\/www.europesays.com\/fr\/212019\/"},"modified":"2025-06-28T23:25:09","modified_gmt":"2025-06-28T23:25:09","slug":"le-chant-du-prophete-une-formidable-dystopie-de-paul-lynch-a-lire-absolument","status":"publish","type":"post","link":"https:\/\/www.europesays.com\/fr\/212019\/","title":{"rendered":"\u00ab\u00a0Le chant du proph\u00e8te\u00a0\u00bb\u00a0: une formidable dystopie de Paul Lynch, \u00e0 lire absolument"},"content":{"rendered":"<p>Note\u00a0: 4\/5<\/p>\n<p>Il a d\u2019embl\u00e9e \u00e9t\u00e9 \u00e9vident que Paul Lynch allait compter parmi les \u00e9crivains les plus impressionnants de son temps. L\u2019Irlandais natif de Limerick a frapp\u00e9 fort d\u00e8s son premier roman, \u00ab\u00a0Un ciel rouge, le matin\u00a0\u00bb. Un voyage au c\u0153ur d\u2019un paysage \u00e2pre, de tourbe et de mousse et d\u2019un monde dur o\u00f9 personne ne se fait de cadeau. Le d\u00e9butant se montrait d\u00e9j\u00e0 en pleine possession de ses moyens. Capable d\u2019une aisance narrative \u00e9vidente et d\u2019un art pour varier les registres, s\u2019int\u00e9resser aux \u00eatres mais aussi aux couleurs, aux odeurs, aux \u00e9l\u00e9ments. Paul Lynch n\u2019a, depuis, cess\u00e9 d\u2019\u00e9blouir ses lectrices et ses lecteurs avec des livres tels \u00ab\u00a0La neige noire\u00a0\u00bb, \u00ab\u00a0Grace\u00a0\u00bb ou \u00ab\u00a0Au-del\u00e0 de la mer\u00a0\u00bb, tous remarquablement traduits par Marina Boraso.<\/p>\n<p>Un tour de force<\/p>\n<p>Le dernier en date a \u00e9t\u00e9 r\u00e9compens\u00e9 par le Booker Prize et, plus r\u00e9cemment, par le Prix des Libraires 2025 dans la cat\u00e9gorie \u00ab\u00a0Roman \u00e9tranger\u00a0\u00bb. \u00ab\u00a0Le chant du proph\u00e8te\u00a0\u00bb est un v\u00e9ritable tour de force qui allie la puissance et la subtilit\u00e9. L\u2019entame vous aimante. Des coups sont frapp\u00e9s \u00e0 la porte de la famille Stack, \u00e0 la nuit tomb\u00e9e. Deux hommes apparaissent derri\u00e8re la vitre de la v\u00e9randa. Deux agents en civil de la police secr\u00e8te, se pr\u00e9sentent au domicile d\u2019Eilish Stack. Ces membres de la GNSN, mise en place par le National Alliance Party, recherchent son mari, Larry, un homme ordinaire, enseignant et syndicaliste, adjoint de la secr\u00e9taire g\u00e9n\u00e9rale du syndicat des enseignants d\u2019Irlande. Le p\u00e8re de ses quatre enfants\u00a0: Mark qui n\u2019a pas encore seize ans, Molly, Bailey et Ben, le b\u00e9b\u00e9.<\/p>\n<p>Nous voici projet\u00e9 dans un pays en train de traverser une crise majeure, o\u00f9 l\u2019\u00e9tat d\u2019urgence a \u00e9t\u00e9 d\u00e9clar\u00e9, o\u00f9 il faut respecter le couvre-feu. Les arrestations s\u2019y multiplient, les rumeurs \u00e9voquent des camps d\u2019internement dans la plaine du Curragh. Larry va se rendre au commissariat, s\u2019entretenir avec deux inspecteurs, les \u00e9couter lui parler d\u2019un signalement le concernant. En sortir, regagner sa voiture. Et dispara\u00eetre\u2026<\/p>\n<p>Un monde en train de basculer<\/p>\n<p>Paul Lynch s\u2019attache alors au quotidien d\u2019Eilish aux prises avec son travail, ses enfants, son vieux p\u00e8re \u00e0 la sant\u00e9 mentale d\u00e9clinante, son angoisse, sa fatigue. La tension monte encore d\u2019un cran lorsque Mark re\u00e7oit une convocation pour le service militaire, somm\u00e9 de rejoindre les forces de s\u00e9curit\u00e9, et que Molly commence \u00e0 maigrir \u00e0 vue d\u2019\u0153il. Faut-il rester en Irlande, partir au Canada\u00a0? Depuis ses d\u00e9buts, l\u2019\u00e9crivain irlandais a excell\u00e9 \u00e0 s\u2019emparer des genres litt\u00e9raires et \u00e0 les revisiter. En \u00e9clairant le combat men\u00e9 par ses protagonistes, en fouillant les traumatismes du pass\u00e9, en d\u00e9crivant des mondes en plein effondrement.<\/p>\n<p>\u00ab\u00a0Le chant du proph\u00e8te\u00a0\u00bb le montre qui s\u2019attaque \u00e0 un futur proche du n\u00f4tre, \u00e0 un monde en train de basculer. Entre les mains de Lynch, la dystopie semble comme revisit\u00e9e. Il y a beaucoup de silence et de non-dits dans ses pages haletantes o\u00f9 l\u2019oppression ressentie par Eilish est palpable. Chaque chapitre ressemble \u00e0 un tableau dans lequel Paul Lynch joue avec la notion du temps, en mariant toujours le r\u00e9alisme et le po\u00e9tique, sans l\u00e2cher Eilish d\u2019un cheveu. On l\u2019a compris, \u00ab\u00a0Le chant du proph\u00e8te\u00a0\u00bb est appel\u00e9 \u00e0 faire date.<\/p>\n<p class=\"note\">\u00ab\u00a0Paul Lynch, \u00ab\u00a0Le chant du proph\u00e8te\u00a0\u00bb, traduit de l\u2019anglais (Irlande) par Marina Boraso, Albin Michel, 293 pages, 22,90 \u20ac.<\/p>\n","protected":false},"excerpt":{"rendered":"Note\u00a0: 4\/5 Il a d\u2019embl\u00e9e \u00e9t\u00e9 \u00e9vident que Paul Lynch allait compter parmi les \u00e9crivains les plus impressionnants&hellip;\n","protected":false},"author":2,"featured_media":212020,"comment_status":"","ping_status":"","sticky":false,"template":"","format":"standard","meta":{"footnotes":""},"categories":[1357],"tags":[10276,1379,872,58,59,1011,27,1380],"class_list":{"0":"post-212019","1":"post","2":"type-post","3":"status-publish","4":"format-standard","5":"has-post-thumbnail","7":"category-livres","8":"tag-a-lire","9":"tag-books","10":"tag-culture-et-loisirs","11":"tag-divertissement","12":"tag-entertainment","13":"tag-fr","14":"tag-france","15":"tag-livres"},"share_on_mastodon":{"url":"https:\/\/pubeurope.com\/@fr\/114763577644979334","error":""},"_links":{"self":[{"href":"https:\/\/www.europesays.com\/fr\/wp-json\/wp\/v2\/posts\/212019","targetHints":{"allow":["GET"]}}],"collection":[{"href":"https:\/\/www.europesays.com\/fr\/wp-json\/wp\/v2\/posts"}],"about":[{"href":"https:\/\/www.europesays.com\/fr\/wp-json\/wp\/v2\/types\/post"}],"author":[{"embeddable":true,"href":"https:\/\/www.europesays.com\/fr\/wp-json\/wp\/v2\/users\/2"}],"replies":[{"embeddable":true,"href":"https:\/\/www.europesays.com\/fr\/wp-json\/wp\/v2\/comments?post=212019"}],"version-history":[{"count":0,"href":"https:\/\/www.europesays.com\/fr\/wp-json\/wp\/v2\/posts\/212019\/revisions"}],"wp:featuredmedia":[{"embeddable":true,"href":"https:\/\/www.europesays.com\/fr\/wp-json\/wp\/v2\/media\/212020"}],"wp:attachment":[{"href":"https:\/\/www.europesays.com\/fr\/wp-json\/wp\/v2\/media?parent=212019"}],"wp:term":[{"taxonomy":"category","embeddable":true,"href":"https:\/\/www.europesays.com\/fr\/wp-json\/wp\/v2\/categories?post=212019"},{"taxonomy":"post_tag","embeddable":true,"href":"https:\/\/www.europesays.com\/fr\/wp-json\/wp\/v2\/tags?post=212019"}],"curies":[{"name":"wp","href":"https:\/\/api.w.org\/{rel}","templated":true}]}}