{"id":21203,"date":"2025-04-13T02:59:08","date_gmt":"2025-04-13T02:59:08","guid":{"rendered":"https:\/\/www.europesays.com\/fr\/21203\/"},"modified":"2025-04-13T02:59:08","modified_gmt":"2025-04-13T02:59:08","slug":"marseille-parmi-les-destinations-preferees-pour-les-vacances-voici-son-classement","status":"publish","type":"post","link":"https:\/\/www.europesays.com\/fr\/21203\/","title":{"rendered":"Marseille parmi les destinations pr\u00e9f\u00e9r\u00e9es pour les vacances, voici son classement"},"content":{"rendered":"<p>            Par<br \/>\n        <strong><br \/>\n            <a href=\"https:\/\/actu.fr\/auteur\/fabien-binacchi\" title=\"Consulter tous les articles de Fabien Binacchi\" target=\"_blank\" rel=\"noopener\">Fabien Binacchi<\/a><br \/>\n        <\/strong><\/p>\n<p>        Publi\u00e9 le<\/p>\n<p>            12 avr. 2025 \u00e0 6h26        <\/p>\n<p>L\u2019appel du <a href=\"https:\/\/actu.fr\/tag\/vieux-port\" target=\"_blank\" rel=\"noopener\">Vieux-Port<\/a>, du mistral et de la bouillabaisse est particuli\u00e8rement fort pour les touristes fran\u00e7ais \u00e0 l\u2019occasion de ces vacances de printemps. <a href=\"https:\/\/actu.fr\/marseille\/\" target=\"_blank\" rel=\"noopener\">Marseille<\/a> arrive en tr\u00e8s bonne place parmi <strong>les destinations hexagonales les plus demand\u00e9es<\/strong> sur Booking.com.<\/p>\n<p class=\" wall-content\">La cit\u00e9 phoc\u00e9enne enregistre m\u00eame <strong>une hausse significative du nombre de recherches.<\/strong><\/p>\n<p class=\" wall-content\">Voici son classement.<\/p>\n<p>Apr\u00e8s Paris et Nice<\/p>\n<p class=\" wall-content\">Si Marrakech, Duba\u00ef et Barcelone forment le trio de t\u00eate pour les r\u00e9servations \u00e0 l\u2019international, en France, les Tricolores ont plut\u00f4t pl\u00e9biscit\u00e9 <strong>Paris et la r\u00e9gion Paca<\/strong> pour ces vacances de printemps, selon un classement \u00e9tabli par Booking.com*. Et tr\u00e8s port\u00e9 vers la mer.<\/p>\n<p class=\" wall-content\">Marseille, qui arrive en troisi\u00e8me position, apr\u00e8s la capitale et apr\u00e8s et sa voisine, Nice, se paie m\u00eame le luxe d\u2019enregistrer une des plus fortes hausses du nombre de recherches sur la plateforme de r\u00e9servations, par rapport \u00e0 l\u2019an dernier.<\/p>\n<p>Vid\u00e9os : en ce moment sur ActuLes destinations les plus recherch\u00e9es et les hausses vs. 2024<\/p>\n<ol class=\" wall-content\">\n<li>Paris, \u00cele-de-France\u2009: +\u00a059\u2009%<\/li>\n<li>Nice, Provence \u2013 Alpes \u2013 C\u00f4te d\u2019Azur\u2009: +\u00a047\u2009%<\/li>\n<li>Marseille, Provence \u2013 Alpes \u2013 C\u00f4te d\u2019Azur\u2009: +\u00a064\u2009%<\/li>\n<li>Lyon, Rh\u00f4ne-Alpes\u2009: +\u00a038\u2009%<\/li>\n<li>Annecy, Rh\u00f4ne-Alpes\u2009: +\u00a053\u2009%<\/li>\n<li>Bordeaux, Nouvelle-Aquitaine\u2009: +\u00a043\u2009%<\/li>\n<li>Biarritz, Nouvelle-Aquitaine\u2009: +\u00a078\u2009%<\/li>\n<li>La\u00a0Rochelle, Nouvelle-Aquitaine\u2009: +\u00a069\u2009%<\/li>\n<li>Toulouse, Midi-Pyr\u00e9n\u00e9es\u2009: +\u00a054\u2009%<\/li>\n<li>Cannes, Provence \u2013 Alpes \u2013 C\u00f4te d\u2019Azur\u2009: +\u00a050\u2009%<\/li>\n<\/ol>\n<p>Moins demand\u00e9e par les voyageurs solos<\/p>\n<p class=\" wall-content\">Pour les voyages en solo, une vraie tendance selon Booking.com, la cit\u00e9 phoc\u00e9enne n\u2019arrive en revanche qu\u2019en <strong>quatri\u00e8me position<\/strong>, battue par Lyon.<\/p>\n<p class=\" wall-content\"><strong>Les destinations les plus recherch\u00e9es en solo et les hausses vs. 2024<\/strong><\/p>\n<ol class=\" wall-content\">\n<li>Paris, \u00cele-de-France\u2009: +\u00a044\u2009%<\/li>\n<li>Nice, Provence-Alpes-C\u00f4te d\u2019Azur\u2009: +\u00a054\u2009%<\/li>\n<li>Lyon, Rh\u00f4ne-Alpes\u2009: +\u00a048\u2009%<\/li>\n<li>Marseille, Provence-Alpes-C\u00f4te d\u2019Azur\u2009: +\u00a057\u2009%<\/li>\n<li>Toulouse, Midi-Pyr\u00e9n\u00e9es\u2009: +\u00a074\u2009%<\/li>\n<li>Bordeaux, Nouvelle-Aquitaine\u2009: +\u00a053\u2009%<\/li>\n<li>Montpellier, Languedoc-Roussillon\u2009: +\u00a042\u2009%<\/li>\n<li>Nantes, Pays de la Loire\u2009: +\u00a061\u2009%<\/li>\n<li>Lille, Nord\u2009: +\u00a027\u2009%<\/li>\n<li>Strasbourg, Alsace\u2009: +\u00a05\u2009%<\/li>\n<\/ol>\n<p class=\" wall-content\">Selon une de ces \u00e9tudes, Booking.com r\u00e9v\u00e8le que \u00ab\u200928% des voyageurs solos d\u00e9clarent choisir de voyager seul pour avoir <strong>la libert\u00e9 de cr\u00e9er leur propre s\u00e9jour,<\/strong> tandis que 31% ressentent le besoin de passer du temps pour eux et de se retrouver seuls\u2009\u00bb. Et vous\u2009?<\/p>\n<p>*M\u00e9thodologie<br \/>Les donn\u00e9es de cette enqu\u00eate ont \u00e9t\u00e9 extraites entre le 3\u00a0mars et le 10\u00a0mars 2025 sur les dates d\u2019enregistrement pr\u00e9vues entre le 5\u00a0avril et le 5\u00a0mai 2025, et compar\u00e9es aux dates d\u2019enregistrement entre le 6\u00a0avril et le 6\u00a0mai 2024.<\/p>\n<p class=\" wall-content\">Suivez toute l\u2019actualit\u00e9 de vos villes et m\u00e9dias favoris en vous inscrivant \u00e0 <a href=\"https:\/\/moncompte.actu.fr\" title=\"D\u00e9couvez Mon Actu\" rel=\"nofollow noopener\" data-trk=\"{&quot;cta&quot;:{&quot;action&quot;:&quot;https:\\\/\\\/moncompte.actu.fr&quot;,&quot;category&quot;:&quot;mon compte&quot;,&quot;from&quot;:&quot;article footer&quot;,&quot;name&quot;:&quot;Mon actu&quot;,&quot;type&quot;:&quot;cta&quot;}}\" target=\"_blank\">Mon Actu<\/a>.<\/p>\n","protected":false},"excerpt":{"rendered":"Par Fabien Binacchi Publi\u00e9 le 12 avr. 2025 \u00e0 6h26 L\u2019appel du Vieux-Port, du mistral et de la&hellip;\n","protected":false},"author":2,"featured_media":21204,"comment_status":"","ping_status":"","sticky":false,"template":"","format":"standard","meta":{"footnotes":""},"categories":[2814],"tags":[1111,11,1777,674,1011,27,884,12,882,25,104,602,3176,586],"class_list":{"0":"post-21203","1":"post","2":"type-post","3":"status-publish","4":"format-standard","5":"has-post-thumbnail","7":"category-marseille","8":"tag-actu","9":"tag-actualites","10":"tag-eu","11":"tag-europe","12":"tag-fr","13":"tag-france","14":"tag-marseille","15":"tag-news","16":"tag-provence-alpes-cote-dazur","17":"tag-republique-francaise","18":"tag-societe","19":"tag-tourisme","20":"tag-vacances-scolaires","21":"tag-voyage"},"share_on_mastodon":{"url":"https:\/\/pubeurope.com\/@fr\/114328421262294903","error":""},"_links":{"self":[{"href":"https:\/\/www.europesays.com\/fr\/wp-json\/wp\/v2\/posts\/21203","targetHints":{"allow":["GET"]}}],"collection":[{"href":"https:\/\/www.europesays.com\/fr\/wp-json\/wp\/v2\/posts"}],"about":[{"href":"https:\/\/www.europesays.com\/fr\/wp-json\/wp\/v2\/types\/post"}],"author":[{"embeddable":true,"href":"https:\/\/www.europesays.com\/fr\/wp-json\/wp\/v2\/users\/2"}],"replies":[{"embeddable":true,"href":"https:\/\/www.europesays.com\/fr\/wp-json\/wp\/v2\/comments?post=21203"}],"version-history":[{"count":0,"href":"https:\/\/www.europesays.com\/fr\/wp-json\/wp\/v2\/posts\/21203\/revisions"}],"wp:featuredmedia":[{"embeddable":true,"href":"https:\/\/www.europesays.com\/fr\/wp-json\/wp\/v2\/media\/21204"}],"wp:attachment":[{"href":"https:\/\/www.europesays.com\/fr\/wp-json\/wp\/v2\/media?parent=21203"}],"wp:term":[{"taxonomy":"category","embeddable":true,"href":"https:\/\/www.europesays.com\/fr\/wp-json\/wp\/v2\/categories?post=21203"},{"taxonomy":"post_tag","embeddable":true,"href":"https:\/\/www.europesays.com\/fr\/wp-json\/wp\/v2\/tags?post=21203"}],"curies":[{"name":"wp","href":"https:\/\/api.w.org\/{rel}","templated":true}]}}