{"id":212033,"date":"2025-06-28T23:34:10","date_gmt":"2025-06-28T23:34:10","guid":{"rendered":"https:\/\/www.europesays.com\/fr\/212033\/"},"modified":"2025-06-28T23:34:10","modified_gmt":"2025-06-28T23:34:10","slug":"la-france-prete-a-concourir-a-la-securite-des-distributions-alimentaires-a-gaza-2","status":"publish","type":"post","link":"https:\/\/www.europesays.com\/fr\/212033\/","title":{"rendered":"La France \u00ab\u00a0pr\u00eate \u00e0 concourir \u00e0 la s\u00e9curit\u00e9 des distributions alimentaires\u00a0\u00bb \u00e0 Gaza"},"content":{"rendered":"<p>La France \u00ab\u00a0se tient pr\u00eate, l\u2019<a href=\"https:\/\/www.20minutes.fr\/dossier\/europe\" class=\"color-ultramarine c-link\" rel=\"nofollow noopener\" target=\"_blank\">Europe<\/a> aussi, \u00e0 concourir \u00e0 la s\u00e9curit\u00e9 des distributions alimentaires\u00a0\u00bb dans le territoire <a href=\"https:\/\/www.20minutes.fr\/monde\/conflit_israelo-palestinien\/\" class=\"color-ultramarine c-link\" rel=\"nofollow noopener\" target=\"_blank\">palestinien<\/a> de <a href=\"https:\/\/www.20minutes.fr\/monde\/gaza\/\" class=\"color-ultramarine c-link\" rel=\"nofollow noopener\" target=\"_blank\">Gaza<\/a> en guerre, a affirm\u00e9 samedi le ministre fran\u00e7ais des Affaires \u00e9trang\u00e8res <a href=\"https:\/\/www.20minutes.fr\/politique\/jean-noel-barrot\/\" class=\"color-ultramarine c-link\" rel=\"nofollow noopener\" target=\"_blank\">Jean-No\u00ebl Barrot<\/a>.<\/p>\n<p>Une telle initiative viserait \u00e0 \u00ab\u00a0traiter de la question qui pr\u00e9occupe les autorit\u00e9s <a href=\"https:\/\/www.20minutes.fr\/monde\/israel\/\" class=\"color-ultramarine c-link\" rel=\"nofollow noopener\" target=\"_blank\">isra\u00e9liennes<\/a>, c\u2019est-\u00e0-dire le d\u00e9tournement par des groupes arm\u00e9s de cette aide humanitaire\u00a0\u00bb, a poursuivi Jean-No\u00ebl Barrot sur LCI, faisant r\u00e9f\u00e9rence sans le citer au groupe islamiste palestinien <a href=\"https:\/\/www.20minutes.fr\/monde\/hamas\/\" class=\"color-ultramarine c-link\" rel=\"nofollow noopener\" target=\"_blank\">Hamas<\/a>.<\/p>\n<p>Des sc\u00e8nes chaotiques et meurtri\u00e8res<\/p>\n<p>Le ministre fran\u00e7ais n\u2019a pas pr\u00e9cis\u00e9 en quoi consisterait cette assistance fran\u00e7aise et europ\u00e9enne \u00e0 la distribution d\u2019aide \u00e0 Gaza. Mais il a exprim\u00e9 sa \u00ab\u00a0col\u00e8re\u00a0\u00bb en \u00e9voquant \u00ab\u00a0les 500 personnes [\u2026] qui ont perdu la vie dans des distributions alimentaires\u00a0\u00bb \u00e0 Gaza ces derni\u00e8res semaines. Isra\u00ebl a partiellement assoupli fin mai un blocus total impos\u00e9 au territoire palestinien d\u00e9but mars, qui a entra\u00een\u00e9 de tr\u00e8s graves p\u00e9nuries de nourriture, m\u00e9dicaments et autres biens de premi\u00e8re n\u00e9cessit\u00e9.<\/p>\n<p>Un m\u00e9canisme de distribution d\u2019aide pilot\u00e9 par une \u00ab\u00a0Fondation humanitaire de Gaza (GHF\u00a0\u00bb), soutenue par Isra\u00ebl et les <a href=\"https:\/\/www.20minutes.fr\/monde\/etats-unis\/\" class=\"color-ultramarine c-link\" rel=\"nofollow noopener\" target=\"_blank\">Etats-Unis<\/a>, a \u00e9t\u00e9 mis en place, mais ses op\u00e9rations donnent lieu \u00e0 des sc\u00e8nes chaotiques et meurtri\u00e8res.<\/p>\n<p>56.000 morts c\u00f4t\u00e9 palestinien<\/p>\n<p>Selon le minist\u00e8re de la Sant\u00e9 du gouvernement du Hamas pour Gaza, pr\u00e8s de 550 personnes ont \u00e9t\u00e9 tu\u00e9es et plus de 4.000 bless\u00e9es dans des queues immenses se formant en vue d\u2019atteindre divers centres de distribution d\u2019aide humanitaire depuis que la GHF y a commenc\u00e9 ses op\u00e9rations fin mai.<\/p>\n<p>La D\u00e9fense civile du territoire palestinien, ravag\u00e9 par plus de 20 mois de guerre, a annonc\u00e9 de son c\u00f4t\u00e9 vendredi la mort de 80 personnes dans des frappes ou tirs de l\u2019arm\u00e9e isra\u00e9lienne, dont 10 tu\u00e9es une fois de plus en attendant de l\u2019aide humanitaire.<\/p>\n<\/p>\n<p>Apr\u00e8s le cessez-le-feu entr\u00e9 en vigueur avec l\u2019<a href=\"https:\/\/www.20minutes.fr\/monde\/iran\/\" class=\"color-ultramarine c-link\" rel=\"nofollow noopener\" target=\"_blank\">Iran<\/a> mardi, le lieutenant g\u00e9n\u00e9ral Eyal Zamir, chef d\u2019\u00e9tat-major de l\u2019arm\u00e9e isra\u00e9lienne, avait annonc\u00e9 que celle-ci se concentrait \u00ab\u00a0de nouveau sur Gaza, pour ramener les otages \u00e0 la maison et d\u00e9manteler le r\u00e9gime du Hamas\u00a0\u00bb.<\/p>\n<p>Plus de 56.412 Palestiniens, majoritairement des civils, ont \u00e9t\u00e9 tu\u00e9s dans la campagne de repr\u00e9sailles militaires isra\u00e9liennes sur la bande de <a href=\"https:\/\/www.20minutes.fr\/monde\/gaza\/\" class=\"color-ultramarine c-link\" rel=\"nofollow noopener\" target=\"_blank\">Gaza<\/a>, selon des donn\u00e9es du minist\u00e8re de la Sant\u00e9 du gouvernement du <a href=\"https:\/\/www.20minutes.fr\/monde\/hamas\/\" class=\"color-ultramarine c-link\" rel=\"nofollow noopener\" target=\"_blank\">Hamas<\/a>, jug\u00e9es fiables par l\u2019ONU.<\/p>\n","protected":false},"excerpt":{"rendered":"La France \u00ab\u00a0se tient pr\u00eate, l\u2019Europe aussi, \u00e0 concourir \u00e0 la s\u00e9curit\u00e9 des distributions alimentaires\u00a0\u00bb dans le territoire&hellip;\n","protected":false},"author":2,"featured_media":212034,"comment_status":"","ping_status":"","sticky":false,"template":"","format":"standard","meta":{"footnotes":""},"categories":[5],"tags":[11,3259,30256,1011,27,665,14,664,74,12,6519,3518,28],"class_list":{"0":"post-212033","1":"post","2":"type-post","3":"status-publish","4":"format-standard","5":"has-post-thumbnail","7":"category-international","8":"tag-actualites","9":"tag-conflit-israelo-palestinien","10":"tag-faim","11":"tag-fr","12":"tag-france","13":"tag-gaza","14":"tag-international","15":"tag-israel","16":"tag-monde","17":"tag-news","18":"tag-nourriture","19":"tag-palestine","20":"tag-world"},"share_on_mastodon":{"url":"https:\/\/pubeurope.com\/@fr\/114763613247291378","error":""},"_links":{"self":[{"href":"https:\/\/www.europesays.com\/fr\/wp-json\/wp\/v2\/posts\/212033","targetHints":{"allow":["GET"]}}],"collection":[{"href":"https:\/\/www.europesays.com\/fr\/wp-json\/wp\/v2\/posts"}],"about":[{"href":"https:\/\/www.europesays.com\/fr\/wp-json\/wp\/v2\/types\/post"}],"author":[{"embeddable":true,"href":"https:\/\/www.europesays.com\/fr\/wp-json\/wp\/v2\/users\/2"}],"replies":[{"embeddable":true,"href":"https:\/\/www.europesays.com\/fr\/wp-json\/wp\/v2\/comments?post=212033"}],"version-history":[{"count":0,"href":"https:\/\/www.europesays.com\/fr\/wp-json\/wp\/v2\/posts\/212033\/revisions"}],"wp:featuredmedia":[{"embeddable":true,"href":"https:\/\/www.europesays.com\/fr\/wp-json\/wp\/v2\/media\/212034"}],"wp:attachment":[{"href":"https:\/\/www.europesays.com\/fr\/wp-json\/wp\/v2\/media?parent=212033"}],"wp:term":[{"taxonomy":"category","embeddable":true,"href":"https:\/\/www.europesays.com\/fr\/wp-json\/wp\/v2\/categories?post=212033"},{"taxonomy":"post_tag","embeddable":true,"href":"https:\/\/www.europesays.com\/fr\/wp-json\/wp\/v2\/tags?post=212033"}],"curies":[{"name":"wp","href":"https:\/\/api.w.org\/{rel}","templated":true}]}}