{"id":212035,"date":"2025-06-28T23:35:14","date_gmt":"2025-06-28T23:35:14","guid":{"rendered":"https:\/\/www.europesays.com\/fr\/212035\/"},"modified":"2025-06-28T23:35:14","modified_gmt":"2025-06-28T23:35:14","slug":"deux-nouveaux-cas-denfants-enregistres","status":"publish","type":"post","link":"https:\/\/www.europesays.com\/fr\/212035\/","title":{"rendered":"deux nouveaux cas d&rsquo;enfants enregistr\u00e9s"},"content":{"rendered":"<p>Sur les 28 personnes touch\u00e9es depuis le 12 juin par ces sympt\u00f4mes digestifs s\u00e9v\u00e8res &#8211; 27 enfants et une personne \u00e2g\u00e9e -, dix ont d\u00e9velopp\u00e9 ce syndrome. Une enfant de 11 ans est d\u00e9c\u00e9d\u00e9e.<\/p>\n<p class=\"fig-paragraph\">Deux nouveaux\u00a0<a href=\"http:\/\/www.lefigaro.fr\/faits-divers\/intoxications-alimentaires-dans-l-aisne-deux-nouveaux-cas-identifies-20250627\" target=\"_blank\" data-fig-type=\"NewsFlash\" rel=\"noopener nofollow\" data-gtm-custom-categorie=\"navigation\" data-gtm-custom-action=\"crossclick\" data-gtm-custom-label=\"Contextuel\" data-gtm-event=\"customEventSPE\" data-fig-domain=\"LEFIGARO\">cas d&rsquo;intoxication alimentaire s\u00e9v\u00e8re<\/a>\u00a0ont \u00e9t\u00e9 enregistr\u00e9s chez des enfants dans l&rsquo;agglom\u00e9ration de Saint-Quentin (Aisne), o\u00f9\u00a0<a href=\"http:\/\/sante.lefigaro.fr\/mieux-etre\/nutrition-aliments\/intoxications-alimentaires-dans-l-aisne-une-enquete-judiciaire-ouverte-20250623\" target=\"_blank\" data-fig-type=\"Article\" rel=\"noopener nofollow\" data-gtm-custom-categorie=\"navigation\" data-gtm-custom-action=\"crossclick\" data-gtm-custom-label=\"Contextuel\" data-gtm-event=\"customEventSPE\" data-fig-domain=\"SANTE\">ces intoxications ont touch\u00e9 une vingtaine de personnes et caus\u00e9 la mort d&rsquo;une enfant<\/a>, a annonc\u00e9 samedi la pr\u00e9fecture.<\/p>\n<p class=\"fig-paragraph\">\u00abDeux nouveaux cas d&rsquo;enfants ont \u00e9t\u00e9 enregistr\u00e9s\u00bb mais ces enfants n&rsquo;ont pas d\u00e9clar\u00e9 le syndrome h\u00e9molytique et ur\u00e9mique (SHU), une grave complication affectant les reins, et \u00absont suivis \u00e0 domicile\u00bb, a indiqu\u00e9 la pr\u00e9fecture dans un communiqu\u00e9.<\/p>\n<p>28 personnes touch\u00e9es et un mort depuis le 12 juin<\/p>\n<p class=\"fig-paragraph\">Sur les 28 personnes touch\u00e9es depuis le 12 juin par ces sympt\u00f4mes digestifs s\u00e9v\u00e8res &#8211; 27 enfants et une personne \u00e2g\u00e9e -, dix ont d\u00e9velopp\u00e9 ce syndrome. Une enfant de 11 ans, \u00c9lise, est d\u00e9c\u00e9d\u00e9e.<\/p>\n<p class=\"fig-paragraph\">Outre les deux derniers malades recens\u00e9s, \u00absept personnes restent hospitalis\u00e9es et 19 ont pu quitter l&rsquo;h\u00f4pital et regagner leur domicile\u00bb, pr\u00e9cise la pr\u00e9fecture. \u00abL&rsquo;ensemble des malades font l&rsquo;objet d&rsquo;un suivi m\u00e9dical continu\u00bb.<\/p>\n<p class=\"fig-paragraph\">Vendredi, la pr\u00e9fecture avait annonc\u00e9 que les analyses men\u00e9es dans des boucheries suspect\u00e9es d&rsquo;\u00eatre \u00e0 l&rsquo;origine de ces intoxications avaient confirm\u00e9 des traces de contamination par la bact\u00e9rie E.Coli. Elle rappelle que \u00ables premiers sympt\u00f4mes digestifs li\u00e9s \u00e0 la pr\u00e9sence de la bact\u00e9rie E. Coli peuvent se manifester dans les 10 jours apr\u00e8s la consommation de l&rsquo;aliment contamin\u00e9\u00bb.<\/p>\n<p>Le p\u00f4le de sant\u00e9 publique du parquet de Paris se saisit de l\u2019enqu\u00eate<\/p>\n<p class=\"fig-paragraph\">La pr\u00e9fecture fait \u00e9tat de trois \u00e9v\u00e9nements organis\u00e9s ces derniers jours \u00abau cours desquels de la viande issue de boucheries ferm\u00e9es a \u00e9t\u00e9 consomm\u00e9\u00bb, un tournoi de football \u00e0 Saint-Quentin, une f\u00eate du minibasket \u00e0 Gauchy et la kermesse de l&rsquo;\u00e9cole d&rsquo;Etaves-et-Bocquiaux. \u00abAucun cas d&rsquo;intoxication alimentaire s\u00e9v\u00e8re parmi les participants de ces \u00e9v\u00e9nements n&rsquo;a \u00e9t\u00e9 constat\u00e9 \u00e0 cette heure\u00bb, souligne-t-elle, tout invitant les participants \u00e0 surveiller leur \u00e9tat de sant\u00e9.<\/p>\n<p class=\"fig-paragraph\">Le p\u00f4le de sant\u00e9 publique du parquet de Paris s&rsquo;est saisi mercredi de l&rsquo;enqu\u00eate relative \u00e0 ces intoxications dans l&rsquo;Aisne.<\/p>\n","protected":false},"excerpt":{"rendered":"Sur les 28 personnes touch\u00e9es depuis le 12 juin par ces sympt\u00f4mes digestifs s\u00e9v\u00e8res &#8211; 27 enfants et&hellip;\n","protected":false},"author":2,"featured_media":212036,"comment_status":"","ping_status":"","sticky":false,"template":"","format":"standard","meta":{"footnotes":""},"categories":[4],"tags":[47,1058,1054,1059,1060,1055,11,1057,118,1011,27,1061,5447,303,12,1062,25,656,104,1056,809],"class_list":{"0":"post-212035","1":"post","2":"type-post","3":"status-publish","4":"format-standard","5":"has-post-thumbnail","7":"category-france","8":"tag-actualite","9":"tag-actualite-education","10":"tag-actualite-france","11":"tag-actualite-justice","12":"tag-actualite-securite","13":"tag-actualite-societe","14":"tag-actualites","15":"tag-education","16":"tag-faits-divers","17":"tag-fr","18":"tag-france","19":"tag-immigration","20":"tag-intoxication","21":"tag-justice","22":"tag-news","23":"tag-polemique","24":"tag-republique-francaise","25":"tag-securite","26":"tag-societe","27":"tag-societe-francaise","28":"tag-violence"},"share_on_mastodon":{"url":"https:\/\/pubeurope.com\/@fr\/114763617277816800","error":""},"_links":{"self":[{"href":"https:\/\/www.europesays.com\/fr\/wp-json\/wp\/v2\/posts\/212035","targetHints":{"allow":["GET"]}}],"collection":[{"href":"https:\/\/www.europesays.com\/fr\/wp-json\/wp\/v2\/posts"}],"about":[{"href":"https:\/\/www.europesays.com\/fr\/wp-json\/wp\/v2\/types\/post"}],"author":[{"embeddable":true,"href":"https:\/\/www.europesays.com\/fr\/wp-json\/wp\/v2\/users\/2"}],"replies":[{"embeddable":true,"href":"https:\/\/www.europesays.com\/fr\/wp-json\/wp\/v2\/comments?post=212035"}],"version-history":[{"count":0,"href":"https:\/\/www.europesays.com\/fr\/wp-json\/wp\/v2\/posts\/212035\/revisions"}],"wp:featuredmedia":[{"embeddable":true,"href":"https:\/\/www.europesays.com\/fr\/wp-json\/wp\/v2\/media\/212036"}],"wp:attachment":[{"href":"https:\/\/www.europesays.com\/fr\/wp-json\/wp\/v2\/media?parent=212035"}],"wp:term":[{"taxonomy":"category","embeddable":true,"href":"https:\/\/www.europesays.com\/fr\/wp-json\/wp\/v2\/categories?post=212035"},{"taxonomy":"post_tag","embeddable":true,"href":"https:\/\/www.europesays.com\/fr\/wp-json\/wp\/v2\/tags?post=212035"}],"curies":[{"name":"wp","href":"https:\/\/api.w.org\/{rel}","templated":true}]}}