{"id":212037,"date":"2025-06-28T23:36:19","date_gmt":"2025-06-28T23:36:19","guid":{"rendered":"https:\/\/www.europesays.com\/fr\/212037\/"},"modified":"2025-06-28T23:36:19","modified_gmt":"2025-06-28T23:36:19","slug":"lauren-sanchez-opte-pour-une-robe-romantique-bling-et-beaucoup-de-carats-pour-la-soiree-de-cloture-de-son-mariage","status":"publish","type":"post","link":"https:\/\/www.europesays.com\/fr\/212037\/","title":{"rendered":"Lauren S\u00e1nchez opte pour une robe romantique bling (et beaucoup de carats) pour la soir\u00e9e de cl\u00f4ture de son mariage"},"content":{"rendered":"<p class=\"has-dropcap\"><strong>Lauren S\u00e1nchez, que l&rsquo;on peut d\u00e9sormais appeler Madame Bezos<\/strong>, n&rsquo;a pas manqu\u00e9 de r\u00e9pandre le glamour dans la lagune pour le dernier acte de sa f\u00eate de trois jours, la tr\u00e8s attendue f\u00eate de l&rsquo;Arsenale, agr\u00e9ment\u00e9e d&rsquo;un concert.<\/p>\n<p>Lauren S\u00e1nchez.<\/p>\n<p>MARCO BERTORELLO\/Getty Images<\/p>\n<p>Au lendemain de la c\u00e9r\u00e9monie des noces et apr\u00e8s avoir \u00e9t\u00e9 aper\u00e7ue dans l&rsquo;apr\u00e8s-midi <a href=\"https:\/\/www.vanityfair.fr\/galerie\/jeunes-maries-jeff-bezos-et-lauren-sanchez-soffrent-une-balade-a-venise-avec-leurs-celebres-amis\" rel=\"nofollow noopener\" target=\"_blank\">coiff\u00e9e d&rsquo;un maxi chapeau de paille et v\u00eatue d&rsquo;une mini-robe noire<\/a>, pour la f\u00eate qui devrait (tous les conditionnels sont de rigueur) officiellement clore le <a href=\"https:\/\/www.vanityfair.fr\/dossier\/mariage\" isautogenerated=\"true\" rel=\"nofollow noopener\" target=\"_blank\">mariage<\/a> de <a href=\"https:\/\/www.vanityfair.fr\/dossier\/jeff-bezos\" isautogenerated=\"true\" rel=\"nofollow noopener\" target=\"_blank\">Jeff Bezos<\/a> et Lauren S\u00e1nchez, la journaliste am\u00e9ricaine a mis\u00e9 sur <strong>un look romantique rose avec des d\u00e9tails et des applications bling bling \u00e0 foison<\/strong>.<\/p>\n<p>Sans bretelles, <strong>la cr\u00e9ation sign\u00e9e Versace appara\u00eet \u00e0 premi\u00e8re vue comme une robe fourreau bien structur\u00e9e, pour ensuite d\u00e9voiler une jupe fronc\u00e9e qui s&rsquo;ouvre sur le bas et rappelle une coupe sir\u00e8ne, presque comme pour cr\u00e9er une continuit\u00e9 avec la robe de mari\u00e9e port\u00e9e la veille.<\/strong> Une proposition spectaculaire, tant pour la ligne que pour les d\u00e9tails, un <strong>v\u00e9ritable d\u00e9ferlement de perles, de paillettes et de sequins<\/strong>, tous dans diff\u00e9rentes nuances de rose, avec des d\u00e9tails argent\u00e9s, qui semblent presque composer un pr\u00e9cieux puzzle recouvrant le bustier extra-long de la robe.<\/p>\n<p>Lauren S\u00e1nchez.<\/p>\n<p>MARCO BERTORELLO\/Getty Images<\/p>\n","protected":false},"excerpt":{"rendered":"Lauren S\u00e1nchez, que l&rsquo;on peut d\u00e9sormais appeler Madame Bezos, n&rsquo;a pas manqu\u00e9 de r\u00e9pandre le glamour dans la&hellip;\n","protected":false},"author":2,"featured_media":212038,"comment_status":"","ping_status":"","sticky":false,"template":"","format":"standard","meta":{"footnotes":""},"categories":[2],"tags":[11,1011,27,697,12],"class_list":{"0":"post-212037","1":"post","2":"type-post","3":"status-publish","4":"format-standard","5":"has-post-thumbnail","7":"category-actualites","8":"tag-actualites","9":"tag-fr","10":"tag-france","11":"tag-jeff-bezos","12":"tag-news"},"share_on_mastodon":{"url":"https:\/\/pubeurope.com\/@fr\/114763620937513783","error":""},"_links":{"self":[{"href":"https:\/\/www.europesays.com\/fr\/wp-json\/wp\/v2\/posts\/212037","targetHints":{"allow":["GET"]}}],"collection":[{"href":"https:\/\/www.europesays.com\/fr\/wp-json\/wp\/v2\/posts"}],"about":[{"href":"https:\/\/www.europesays.com\/fr\/wp-json\/wp\/v2\/types\/post"}],"author":[{"embeddable":true,"href":"https:\/\/www.europesays.com\/fr\/wp-json\/wp\/v2\/users\/2"}],"replies":[{"embeddable":true,"href":"https:\/\/www.europesays.com\/fr\/wp-json\/wp\/v2\/comments?post=212037"}],"version-history":[{"count":0,"href":"https:\/\/www.europesays.com\/fr\/wp-json\/wp\/v2\/posts\/212037\/revisions"}],"wp:featuredmedia":[{"embeddable":true,"href":"https:\/\/www.europesays.com\/fr\/wp-json\/wp\/v2\/media\/212038"}],"wp:attachment":[{"href":"https:\/\/www.europesays.com\/fr\/wp-json\/wp\/v2\/media?parent=212037"}],"wp:term":[{"taxonomy":"category","embeddable":true,"href":"https:\/\/www.europesays.com\/fr\/wp-json\/wp\/v2\/categories?post=212037"},{"taxonomy":"post_tag","embeddable":true,"href":"https:\/\/www.europesays.com\/fr\/wp-json\/wp\/v2\/tags?post=212037"}],"curies":[{"name":"wp","href":"https:\/\/api.w.org\/{rel}","templated":true}]}}