{"id":212039,"date":"2025-06-28T23:37:14","date_gmt":"2025-06-28T23:37:14","guid":{"rendered":"https:\/\/www.europesays.com\/fr\/212039\/"},"modified":"2025-06-28T23:37:14","modified_gmt":"2025-06-28T23:37:14","slug":"la-vente-de-leglise-en-sursis","status":"publish","type":"post","link":"https:\/\/www.europesays.com\/fr\/212039\/","title":{"rendered":"la vente de l\u2019\u00e9glise en sursis"},"content":{"rendered":"<p>En ao\u00fbt\u00a02024 nous avions fait para\u00eetre un article dans lequel la communaut\u00e9 polonaise faisait part de son inqui\u00e9tude face au devenir de l\u2019\u00e9glise Saint-Joseph de Beaulieu. En effet, la crainte \u00e9tait grande que cette \u00e9glise ne subisse le m\u00eame sort que celui l\u2019\u00e9glise de la C\u00f4te Durieux vendue en 2019. \u00c0 cette \u00e9poque, Danielle Deville et Christine Wyrwa, suite \u00e0 une rencontre avec l\u2019\u00e9v\u00eaque, avaient \u00e9t\u00e9 rassur\u00e9es\u00a0: \u00ab\u00a0Il nous a assur\u00e9 que, tant que la communaut\u00e9 polonaise serait vivante et qu\u2019elle aurait son pr\u00eatre, l\u2019\u00e9glise ne serait pas vendue\u00a0\u00bb. Un an apr\u00e8s, on peut dire que l\u2019horizon s\u2019est d\u00e9gag\u00e9 m\u00eame si de nombreuses questions sont encore en suspens.<\/p>\n<p>L\u2019\u00e9glise accueille encore plusieurs sacrements au cours de l\u2019ann\u00e9e<\/p>\n<p>Aujourd\u2019hui la communaut\u00e9 paroissiale de Beaulieu est toujours vivante. Le pr\u00eatre polonais Andr\u00e9 Vincent Sowowski assure&#8230;<\/p>\n","protected":false},"excerpt":{"rendered":"En ao\u00fbt\u00a02024 nous avions fait para\u00eetre un article dans lequel la communaut\u00e9 polonaise faisait part de son inqui\u00e9tude&hellip;\n","protected":false},"author":2,"featured_media":212040,"comment_status":"","ping_status":"","sticky":false,"template":"","format":"standard","meta":{"footnotes":""},"categories":[9653],"tags":[1111,11,2430,7539,1777,674,1011,27,12,5889,25,12490,12491,4001,104],"class_list":{"0":"post-212039","1":"post","2":"type-post","3":"status-publish","4":"format-standard","5":"has-post-thumbnail","7":"category-saint-etienne","8":"tag-actu","9":"tag-actualites","10":"tag-auvergne-rhone-alpes","11":"tag-edition-loire-sud","12":"tag-eu","13":"tag-europe","14":"tag-fr","15":"tag-france","16":"tag-news","17":"tag-religion-croyance","18":"tag-republique-francaise","19":"tag-roche-la-moliere","20":"tag-roche-la-moliere-bassin","21":"tag-saint-etienne","22":"tag-societe"},"share_on_mastodon":{"url":"https:\/\/pubeurope.com\/@fr\/114763625744522541","error":""},"_links":{"self":[{"href":"https:\/\/www.europesays.com\/fr\/wp-json\/wp\/v2\/posts\/212039","targetHints":{"allow":["GET"]}}],"collection":[{"href":"https:\/\/www.europesays.com\/fr\/wp-json\/wp\/v2\/posts"}],"about":[{"href":"https:\/\/www.europesays.com\/fr\/wp-json\/wp\/v2\/types\/post"}],"author":[{"embeddable":true,"href":"https:\/\/www.europesays.com\/fr\/wp-json\/wp\/v2\/users\/2"}],"replies":[{"embeddable":true,"href":"https:\/\/www.europesays.com\/fr\/wp-json\/wp\/v2\/comments?post=212039"}],"version-history":[{"count":0,"href":"https:\/\/www.europesays.com\/fr\/wp-json\/wp\/v2\/posts\/212039\/revisions"}],"wp:featuredmedia":[{"embeddable":true,"href":"https:\/\/www.europesays.com\/fr\/wp-json\/wp\/v2\/media\/212040"}],"wp:attachment":[{"href":"https:\/\/www.europesays.com\/fr\/wp-json\/wp\/v2\/media?parent=212039"}],"wp:term":[{"taxonomy":"category","embeddable":true,"href":"https:\/\/www.europesays.com\/fr\/wp-json\/wp\/v2\/categories?post=212039"},{"taxonomy":"post_tag","embeddable":true,"href":"https:\/\/www.europesays.com\/fr\/wp-json\/wp\/v2\/tags?post=212039"}],"curies":[{"name":"wp","href":"https:\/\/api.w.org\/{rel}","templated":true}]}}