{"id":212051,"date":"2025-06-28T23:51:10","date_gmt":"2025-06-28T23:51:10","guid":{"rendered":"https:\/\/www.europesays.com\/fr\/212051\/"},"modified":"2025-06-28T23:51:10","modified_gmt":"2025-06-28T23:51:10","slug":"previsions-du-dimanche-29-juin-2025-2","status":"publish","type":"post","link":"https:\/\/www.europesays.com\/fr\/212051\/","title":{"rendered":"pr\u00e9visions du dimanche 29 juin 2025"},"content":{"rendered":"<p>Rennes aura la chance de pouvoir profiter d&rsquo;une superbe journ\u00e9e ensoleill\u00e9e. Les valeurs s&rsquo;\u00e9chelonneront entre 16 et 35\u00b0C, un temps vraiment de saison. Les temp\u00e9ratures maximales attendues le matin sont importantes, avec 32\u00b0C. Un vent de nord-est soufflera l\u00e9g\u00e8rement, avec 12 km\/h. L&rsquo;apr\u00e8s-midi, c&rsquo;est une hausse de plusieurs degr\u00e9s que vont enregistrer les temp\u00e9ratures pour un temps de plus en plus estival. L&rsquo;\u00e9pisode de fortes chaleurs est bien l\u00e0, avec des valeurs qui pourront monter jusqu&rsquo;\u00e0 35\u00b0C. La ville sera touch\u00e9e par un vent de nord de 21 km\/h. Une nuit claire vous attendra entre dimanche et lundi.<\/p>\n<p>Demain, un grand soleil rayonnera sur Rennes. La m\u00e9t\u00e9o va se r\u00e9chauffer avec une augmentation de quelques degr\u00e9s pour un \u00e9t\u00e9 chaud. De tr\u00e8s grosses chaleurs (entre 16\u00b0C et 39\u00b0C) sont pr\u00e9vues. Ce sera un bel \u00e9t\u00e9 : les temp\u00e9ratures afficheront entre 16 et 39\u00b0C. D\u00e8s le matin, les valeurs \u00e9volueront entre 23 et 37\u2009\u00b0C. Un l\u00e9ger vent de sud-est soufflera. Les temp\u00e9ratures vont conna\u00eetre une hausse de plusieurs degr\u00e9s dans l&rsquo;apr\u00e8s-midi. Les vacanciers comme les locaux pourront sortir sandales et chapeau. Les importantes chaleurs sont install\u00e9es. Avec des temp\u00e9ratures comprises entre 35 et 39\u00b0C. Un vent de sud-ouest, atteignant 25 km\/h, soufflera. La ville va conna\u00eetre, demain soir, une vague de fortes chaleurs avec des valeurs qui rejoindront parfois les 32\u00b0C. Un vent de nord soufflera \u00e0 20 km\/h.<\/p>\n<p>Pour les jours \u00e0 venir, la m\u00e9t\u00e9o ne bougera pas. Il fera 39\u00b0C en moyenne pour des journ\u00e9es avec une m\u00e9t\u00e9o ensoleill\u00e9e.<\/p>\n<p>Notez que la chaleur provoque l&rsquo;affaiblissement : \u00e9vitez tout effort physique pendant la journ\u00e9e, principalement entre midi et 16h. Dans tous les cas, buvez de l&rsquo;eau r\u00e9guli\u00e8rement, sans attendre d&rsquo;avoir soif !<\/p>\n","protected":false},"excerpt":{"rendered":"Rennes aura la chance de pouvoir profiter d&rsquo;une superbe journ\u00e9e ensoleill\u00e9e. Les valeurs s&rsquo;\u00e9chelonneront entre 16 et 35\u00b0C,&hellip;\n","protected":false},"author":2,"featured_media":212052,"comment_status":"","ping_status":"","sticky":false,"template":"","format":"standard","meta":{"footnotes":""},"categories":[2821],"tags":[1111,11,829,1777,674,1011,27,848,12,2119,584,25],"class_list":{"0":"post-212051","1":"post","2":"type-post","3":"status-publish","4":"format-standard","5":"has-post-thumbnail","7":"category-rennes","8":"tag-actu","9":"tag-actualites","10":"tag-bretagne","11":"tag-eu","12":"tag-europe","13":"tag-fr","14":"tag-france","15":"tag-ille-et-vilaine","16":"tag-news","17":"tag-previsions-meteo","18":"tag-rennes","19":"tag-republique-francaise"},"share_on_mastodon":{"url":"https:\/\/pubeurope.com\/@fr\/114763679864531277","error":""},"_links":{"self":[{"href":"https:\/\/www.europesays.com\/fr\/wp-json\/wp\/v2\/posts\/212051","targetHints":{"allow":["GET"]}}],"collection":[{"href":"https:\/\/www.europesays.com\/fr\/wp-json\/wp\/v2\/posts"}],"about":[{"href":"https:\/\/www.europesays.com\/fr\/wp-json\/wp\/v2\/types\/post"}],"author":[{"embeddable":true,"href":"https:\/\/www.europesays.com\/fr\/wp-json\/wp\/v2\/users\/2"}],"replies":[{"embeddable":true,"href":"https:\/\/www.europesays.com\/fr\/wp-json\/wp\/v2\/comments?post=212051"}],"version-history":[{"count":0,"href":"https:\/\/www.europesays.com\/fr\/wp-json\/wp\/v2\/posts\/212051\/revisions"}],"wp:featuredmedia":[{"embeddable":true,"href":"https:\/\/www.europesays.com\/fr\/wp-json\/wp\/v2\/media\/212052"}],"wp:attachment":[{"href":"https:\/\/www.europesays.com\/fr\/wp-json\/wp\/v2\/media?parent=212051"}],"wp:term":[{"taxonomy":"category","embeddable":true,"href":"https:\/\/www.europesays.com\/fr\/wp-json\/wp\/v2\/categories?post=212051"},{"taxonomy":"post_tag","embeddable":true,"href":"https:\/\/www.europesays.com\/fr\/wp-json\/wp\/v2\/tags?post=212051"}],"curies":[{"name":"wp","href":"https:\/\/api.w.org\/{rel}","templated":true}]}}