{"id":212053,"date":"2025-06-28T23:52:09","date_gmt":"2025-06-28T23:52:09","guid":{"rendered":"https:\/\/www.europesays.com\/fr\/212053\/"},"modified":"2025-06-28T23:52:09","modified_gmt":"2025-06-28T23:52:09","slug":"previsions-du-dimanche-29-juin-2025-3","status":"publish","type":"post","link":"https:\/\/www.europesays.com\/fr\/212053\/","title":{"rendered":"pr\u00e9visions du dimanche 29 juin 2025"},"content":{"rendered":"<p>Cette journ\u00e9e sera synonyme de beau soleil pour Strasbourg. Les temp\u00e9ratures afficheront entre 20 et 33\u00b0C, un temps bel et bien de saison. Un vent de nord-est rafra\u00eechira un peu l&rsquo;atmosph\u00e8re. Les grosses chaleurs sont install\u00e9es. Avec des valeurs situ\u00e9es entre 23 et 31\u00b0C. L&rsquo;apr\u00e8s-midi, c&rsquo;est une hausse de plusieurs degr\u00e9s que vont enregistrer les temp\u00e9ratures pour un temps de plus en plus estival. La ville va souffrir des fortes chaleurs avec des temp\u00e9ratures qui pourraient monter \u00e0 33\u00b0C. D\u00e8s le soir, les valeurs \u00e9volueront entre 26 et 30\u2009\u00b0C. Durant la nuit de dimanche \u00e0 lundi, le ciel sera clair.<\/p>\n<p>Demain, un grand soleil rayonnera sur Strasbourg. Une m\u00e9t\u00e9o plus chaude est attendue \u00e9tant donn\u00e9 que le mercure va conna\u00eetre une augmentation, remplissant les terrasses de r\u00e9sidents et de touristes venus appr\u00e9cier l&rsquo;\u00e9t\u00e9. De tr\u00e8s importantes chaleurs (entre 20\u00b0C et 35\u00b0C) sont annonc\u00e9es. Ce sera un bel \u00e9t\u00e9 : les temp\u00e9ratures seront comprises entre 20 et 35\u00b0C. Un l\u00e9ger vent de nord-est sera ressenti par les habitants. Les valeurs maximums pr\u00e9vues le matin sont \u00e9lev\u00e9es, avec 33\u00b0C. Les temp\u00e9ratures, plus estivales, vont enregistrer une hausse de plusieurs degr\u00e9s au cours de l&rsquo;apr\u00e8s-midi. La p\u00e9riode de grosses chaleurs est bien l\u00e0, avec des temp\u00e9ratures qui risqueront d&rsquo;aller jusqu&rsquo;\u00e0 35\u00b0C. La ville va conna\u00eetre, demain soir, une vague de fortes chaleurs avec des valeurs qui atteindront parfois les 31\u00b0C.<\/p>\n<p>Pour les jours \u00e0 venir, le temps ne bougera pas. Il fera 36\u00b0C en moyenne pour des journ\u00e9es avec un ciel ensoleill\u00e9.<\/p>\n<p>La chaleur impacte les vacanciers autant que les travailleurs : si vous avez une activit\u00e9 professionnelle en ext\u00e9rieur, pensez \u00e0 vous couvrir la t\u00eate et \u00e0 vous hydrater fr\u00e9quemment. Soyez vigilants, pour vos coll\u00e8gues et pour vous-m\u00eame.<\/p>\n","protected":false},"excerpt":{"rendered":"Cette journ\u00e9e sera synonyme de beau soleil pour Strasbourg. Les temp\u00e9ratures afficheront entre 20 et 33\u00b0C, un temps&hellip;\n","protected":false},"author":2,"featured_media":212054,"comment_status":"","ping_status":"","sticky":false,"template":"","format":"standard","meta":{"footnotes":""},"categories":[2820],"tags":[1111,11,2389,2649,1777,674,1011,27,775,12,2119,25,640],"class_list":{"0":"post-212053","1":"post","2":"type-post","3":"status-publish","4":"format-standard","5":"has-post-thumbnail","7":"category-strasbourg","8":"tag-actu","9":"tag-actualites","10":"tag-alsace","11":"tag-bas-rhin","12":"tag-eu","13":"tag-europe","14":"tag-fr","15":"tag-france","16":"tag-grand-est","17":"tag-news","18":"tag-previsions-meteo","19":"tag-republique-francaise","20":"tag-strasbourg"},"share_on_mastodon":{"url":"https:\/\/pubeurope.com\/@fr\/114763683799864207","error":""},"_links":{"self":[{"href":"https:\/\/www.europesays.com\/fr\/wp-json\/wp\/v2\/posts\/212053","targetHints":{"allow":["GET"]}}],"collection":[{"href":"https:\/\/www.europesays.com\/fr\/wp-json\/wp\/v2\/posts"}],"about":[{"href":"https:\/\/www.europesays.com\/fr\/wp-json\/wp\/v2\/types\/post"}],"author":[{"embeddable":true,"href":"https:\/\/www.europesays.com\/fr\/wp-json\/wp\/v2\/users\/2"}],"replies":[{"embeddable":true,"href":"https:\/\/www.europesays.com\/fr\/wp-json\/wp\/v2\/comments?post=212053"}],"version-history":[{"count":0,"href":"https:\/\/www.europesays.com\/fr\/wp-json\/wp\/v2\/posts\/212053\/revisions"}],"wp:featuredmedia":[{"embeddable":true,"href":"https:\/\/www.europesays.com\/fr\/wp-json\/wp\/v2\/media\/212054"}],"wp:attachment":[{"href":"https:\/\/www.europesays.com\/fr\/wp-json\/wp\/v2\/media?parent=212053"}],"wp:term":[{"taxonomy":"category","embeddable":true,"href":"https:\/\/www.europesays.com\/fr\/wp-json\/wp\/v2\/categories?post=212053"},{"taxonomy":"post_tag","embeddable":true,"href":"https:\/\/www.europesays.com\/fr\/wp-json\/wp\/v2\/tags?post=212053"}],"curies":[{"name":"wp","href":"https:\/\/api.w.org\/{rel}","templated":true}]}}