{"id":212055,"date":"2025-06-28T23:53:31","date_gmt":"2025-06-28T23:53:31","guid":{"rendered":"https:\/\/www.europesays.com\/fr\/212055\/"},"modified":"2025-06-28T23:53:31","modified_gmt":"2025-06-28T23:53:31","slug":"record-de-vente-pour-strasbourg-qui-perd-son-capitaine-angleterre-sunderland","status":"publish","type":"post","link":"https:\/\/www.europesays.com\/fr\/212055\/","title":{"rendered":"Record de vente pour Strasbourg qui perd son capitaine &#8211; Angleterre &#8211; Sunderland"},"content":{"rendered":"<p>Money, money, money.<\/p>\n<p>Auteur d\u2019une grosse saison avec Strasbourg, dont il \u00e9tait le capitaine, <strong>Habib Diarra va quitter l\u2019Alsace pour rejoindre la Premier League<\/strong>. Eh non, ce n\u2019est pas Chelsea qui va r\u00e9cup\u00e9rer l\u2019international s\u00e9n\u00e9galais, mais le <strong>promu de Sunderland qui n\u2019a pas h\u00e9sit\u00e9 \u00e0 l\u00e2cher 31,5 millions d\u2019euros<\/strong> (plus 4 millions de bonus) dans l\u2019op\u00e9ration.<\/p>\n<blockquote class=\"twitter-tweet-lazy\" data-width=\"500\" data-dnt=\"true\">\n<p lang=\"en\" dir=\"ltr\">\ud83d\udea8\ud83e\udd0d\u2764\ufe0f More on Habib Diarra and Sunderland exclusive story overnight.<\/p>\n<p>Documents are being exchanged with Strasbourg, initial fee worth \u20ac31.5m plus \u20ac4m add-ons.<\/p>\n<p>Medical already booked, here we go 100% confirmed. <a target=\"_blank\" href=\"https:\/\/t.co\/9fHBUgQWPh\" rel=\"nofollow\">pic.twitter.com\/9fHBUgQWPh<\/a><\/p>\n<p>\u2014 Fabrizio Romano (@FabrizioRomano) <a target=\"_blank\" href=\"https:\/\/twitter.com\/FabrizioRomano\/status\/1938843304168432131?ref_src=twsrc%5Etfw\" rel=\"nofollow noopener\">June 28, 2025<\/a><\/p>\n<\/blockquote>\n<p>C\u2019est bien \u00e9videmment un <strong>record de vente pour Strasbourg<\/strong> qui n\u2019avait jusque-l\u00e0 jamais vendu pour plus cher que 18 millions d\u2019euros (Habib Diallo \u00e0 Al-Shabab). Mais c\u2019est aussi un<strong> record d\u2019achat pour Sunderland<\/strong> qui efface ainsi la marque d\u2019Enzo Le F\u00e9e, achet\u00e9 23 millions d\u2019euros \u00e0 la Roma en janvier dernier.<\/p>\n<p>Ne reste plus qu\u2019\u00e0 savoir quel joueur de Chelsea va venir remplacer Diarra \u00e0 Strasbourg.<\/p>\n<p>\t\t\t\t\t\t\t\t\t\t<a class=\"lien-connexe\" href=\"https:\/\/www.sofoot.com\/breves\/langleterre-soffre-leuro-espoirs-aux-depens-de-lallemagne-apres-une-finale-a-rebondissements\" rel=\"nofollow noopener\" target=\"_blank\">L&rsquo;Angleterre championne d&rsquo;Europe Espoirs<\/a>\t\t\t\t\t<script async src=\"https:\/\/platform.twitter.com\/widgets.js\" charset=\"utf-8\"><\/script><\/p>\n","protected":false},"excerpt":{"rendered":"Money, money, money. Auteur d\u2019une grosse saison avec Strasbourg, dont il \u00e9tait le capitaine, Habib Diarra va quitter&hellip;\n","protected":false},"author":2,"featured_media":212056,"comment_status":"","ping_status":"","sticky":false,"template":"","format":"standard","meta":{"footnotes":""},"categories":[2820],"tags":[1111,47,11,61,69,65,64,1777,674,63,1011,27,775,68,66,12,62,70,25,67,640],"class_list":{"0":"post-212055","1":"post","2":"type-post","3":"status-publish","4":"format-standard","5":"has-post-thumbnail","7":"category-strasbourg","8":"tag-actu","9":"tag-actualite","10":"tag-actualites","11":"tag-actus-football","12":"tag-bundesliga","13":"tag-championnats-europeens","14":"tag-equipe-de-france","15":"tag-eu","16":"tag-europe","17":"tag-football","18":"tag-fr","19":"tag-france","20":"tag-grand-est","21":"tag-ligua","22":"tag-ligue-1","23":"tag-news","24":"tag-news-foot","25":"tag-premier-league","26":"tag-republique-francaise","27":"tag-serie-a","28":"tag-strasbourg"},"share_on_mastodon":{"url":"https:\/\/pubeurope.com\/@fr\/114763687728845507","error":""},"_links":{"self":[{"href":"https:\/\/www.europesays.com\/fr\/wp-json\/wp\/v2\/posts\/212055","targetHints":{"allow":["GET"]}}],"collection":[{"href":"https:\/\/www.europesays.com\/fr\/wp-json\/wp\/v2\/posts"}],"about":[{"href":"https:\/\/www.europesays.com\/fr\/wp-json\/wp\/v2\/types\/post"}],"author":[{"embeddable":true,"href":"https:\/\/www.europesays.com\/fr\/wp-json\/wp\/v2\/users\/2"}],"replies":[{"embeddable":true,"href":"https:\/\/www.europesays.com\/fr\/wp-json\/wp\/v2\/comments?post=212055"}],"version-history":[{"count":0,"href":"https:\/\/www.europesays.com\/fr\/wp-json\/wp\/v2\/posts\/212055\/revisions"}],"wp:featuredmedia":[{"embeddable":true,"href":"https:\/\/www.europesays.com\/fr\/wp-json\/wp\/v2\/media\/212056"}],"wp:attachment":[{"href":"https:\/\/www.europesays.com\/fr\/wp-json\/wp\/v2\/media?parent=212055"}],"wp:term":[{"taxonomy":"category","embeddable":true,"href":"https:\/\/www.europesays.com\/fr\/wp-json\/wp\/v2\/categories?post=212055"},{"taxonomy":"post_tag","embeddable":true,"href":"https:\/\/www.europesays.com\/fr\/wp-json\/wp\/v2\/tags?post=212055"}],"curies":[{"name":"wp","href":"https:\/\/api.w.org\/{rel}","templated":true}]}}