{"id":212057,"date":"2025-06-28T23:54:09","date_gmt":"2025-06-28T23:54:09","guid":{"rendered":"https:\/\/www.europesays.com\/fr\/212057\/"},"modified":"2025-06-28T23:54:09","modified_gmt":"2025-06-28T23:54:09","slug":"previsions-du-dimanche-29-juin-2025-4","status":"publish","type":"post","link":"https:\/\/www.europesays.com\/fr\/212057\/","title":{"rendered":"pr\u00e9visions du dimanche 29 juin 2025"},"content":{"rendered":"<p>C&rsquo;est une magnifique journ\u00e9e dont va profiter Nice, o\u00f9 le soleil va briller intens\u00e9ment. Les maximales iront jusqu&rsquo;\u00e0 31\u00b0C tandis que les minimales seront de 26\u00b0C : c&rsquo;est donc un bel \u00e9t\u00e9. Un vent de sud-est rafra\u00eechira un peu l&rsquo;atmosph\u00e8re. La p\u00e9riode d&rsquo;importantes chaleurs est bien l\u00e0, avec des valeurs qui risqueront de monter \u00e0 31\u00b0C le matin. Les temp\u00e9ratures afficheront entre 28 et 31\u00b0C, un temps r\u00e9solument de saison. La ville va conna\u00eetre, l&rsquo;apr\u00e8s-midi, un passage de grosses chaleurs avec des valeurs qui rejoindront parfois les 31\u00b0C. Le soir, de tr\u00e8s fortes chaleurs (entre 28\u00b0C et 30\u00b0C) sont pr\u00e9vues. Le mercure affichera 29\u00b0C en moyenne. On passera de dimanche \u00e0 lundi par une nuit claire.<\/p>\n<p>Un beau soleil est attendu demain \u00e0 Nice. Les temp\u00e9ratures vont baisser de quelques degr\u00e9s. La ville va ressentir d&rsquo;importantes chaleurs avec des temp\u00e9ratures qui pourraient grimper jusqu&rsquo;\u00e0 31\u00b0C. Ce sera un bel \u00e9t\u00e9 : les valeurs seront comprises entre 25 et 31\u00b0C. Un l\u00e9ger vent de sud-est sera ressenti par les habitants. D\u00e8s le matin, les temp\u00e9ratures \u00e9volueront entre 28 et 31\u2009\u00b0C. Les valeurs s&rsquo;\u00e9chelonneront entre 28\u00b0C et 31\u00b0C, donnant aux habitants l&rsquo;occasion de profiter de la saison estivale. L&rsquo;apr\u00e8s-midi va se trouver vraiment chaud : pr\u00e8s de 31\u00b0C. La chaleur estivale sera bien au rendez-vous puisque les temp\u00e9ratures seront quand m\u00eame de 29\u00b0C au minimum et de 31\u00b0C au plus haut. Demain soir, on pr\u00e9voit des valeurs d&rsquo;environ 28\u00b0C.<\/p>\n<p>Pour les jours qui suivent, la m\u00e9t\u00e9o ne changera pas. Un ciel ensoleill\u00e9, avec des temp\u00e9ratures de 30\u00b0C environ, est \u00e0 pr\u00e9voir.<\/p>\n<p>La vague de chaleur actuelle impose des dispositions suppl\u00e9mentaires, en particulier vis-\u00e0-vis des plus fragiles, comme les personnes \u00e2g\u00e9es et les enfants. N&rsquo;h\u00e9sitez pas \u00e0 vous tenir inform\u00e9s de l&rsquo;\u00e9volution des conditions climatiques.<\/p>\n","protected":false},"excerpt":{"rendered":"C&rsquo;est une magnifique journ\u00e9e dont va profiter Nice, o\u00f9 le soleil va briller intens\u00e9ment. Les maximales iront jusqu&rsquo;\u00e0&hellip;\n","protected":false},"author":2,"featured_media":212058,"comment_status":"","ping_status":"","sticky":false,"template":"","format":"standard","meta":{"footnotes":""},"categories":[2819],"tags":[1111,11,2898,1777,674,1011,27,12,2401,883,2119,882,25],"class_list":{"0":"post-212057","1":"post","2":"type-post","3":"status-publish","4":"format-standard","5":"has-post-thumbnail","7":"category-nice","8":"tag-actu","9":"tag-actualites","10":"tag-alpes-maritimes","11":"tag-eu","12":"tag-europe","13":"tag-fr","14":"tag-france","15":"tag-news","16":"tag-nice","17":"tag-paca","18":"tag-previsions-meteo","19":"tag-provence-alpes-cote-dazur","20":"tag-republique-francaise"},"share_on_mastodon":{"url":"https:\/\/pubeurope.com\/@fr\/114763691710293892","error":""},"_links":{"self":[{"href":"https:\/\/www.europesays.com\/fr\/wp-json\/wp\/v2\/posts\/212057","targetHints":{"allow":["GET"]}}],"collection":[{"href":"https:\/\/www.europesays.com\/fr\/wp-json\/wp\/v2\/posts"}],"about":[{"href":"https:\/\/www.europesays.com\/fr\/wp-json\/wp\/v2\/types\/post"}],"author":[{"embeddable":true,"href":"https:\/\/www.europesays.com\/fr\/wp-json\/wp\/v2\/users\/2"}],"replies":[{"embeddable":true,"href":"https:\/\/www.europesays.com\/fr\/wp-json\/wp\/v2\/comments?post=212057"}],"version-history":[{"count":0,"href":"https:\/\/www.europesays.com\/fr\/wp-json\/wp\/v2\/posts\/212057\/revisions"}],"wp:featuredmedia":[{"embeddable":true,"href":"https:\/\/www.europesays.com\/fr\/wp-json\/wp\/v2\/media\/212058"}],"wp:attachment":[{"href":"https:\/\/www.europesays.com\/fr\/wp-json\/wp\/v2\/media?parent=212057"}],"wp:term":[{"taxonomy":"category","embeddable":true,"href":"https:\/\/www.europesays.com\/fr\/wp-json\/wp\/v2\/categories?post=212057"},{"taxonomy":"post_tag","embeddable":true,"href":"https:\/\/www.europesays.com\/fr\/wp-json\/wp\/v2\/tags?post=212057"}],"curies":[{"name":"wp","href":"https:\/\/api.w.org\/{rel}","templated":true}]}}