{"id":212060,"date":"2025-06-28T23:56:09","date_gmt":"2025-06-28T23:56:09","guid":{"rendered":"https:\/\/www.europesays.com\/fr\/212060\/"},"modified":"2025-06-28T23:56:09","modified_gmt":"2025-06-28T23:56:09","slug":"previsions-du-dimanche-29-juin-2025-5","status":"publish","type":"post","link":"https:\/\/www.europesays.com\/fr\/212060\/","title":{"rendered":"pr\u00e9visions du dimanche 29 juin 2025"},"content":{"rendered":"<p>Nantes va \u00eatre inond\u00e9e de soleil au cours de cette journ\u00e9e. La chaleur estivale sera bien l\u00e0 puisque les valeurs seront quand m\u00eame de 17\u00b0C au minimum et de 38\u00b0C au plus haut. Un vent de nord-est rafra\u00eechira quelque peu l&rsquo;atmosph\u00e8re. La matin\u00e9e va \u00eatre vraiment suffocante : jusqu&rsquo;\u00e0 34\u00b0C. Une m\u00e9t\u00e9o plus chaude est \u00e0 pr\u00e9voir l&rsquo;apr\u00e8s-midi \u00e9tant donn\u00e9 que les temp\u00e9ratures vont conna\u00eetre une hausse, remplissant les terrasses d&rsquo;habitants et de touristes venus profiter de l&rsquo;\u00e9t\u00e9. Les valeurs maximales attendues sont \u00e9lev\u00e9es, avec 38\u00b0C. Les grosses chaleurs sont pr\u00e9sentes. Avec des valeurs comprises entre 28 et 37\u00b0C. Le ciel sera limpide dans la nuit de dimanche \u00e0 lundi.<\/p>\n<p>Demain, un important soleil rayonnera sur Nantes. L&rsquo;\u00e9pisode de fortes chaleurs est bien l\u00e0, avec des temp\u00e9ratures qui pourront aller \u00e0 36\u00b0C. Ce sera un bel \u00e9t\u00e9 : les valeurs afficheront entre 19 et 36\u00b0C. Une petite brise de sud-ouest sera ressentie par les habitants. La ville va p\u00e2tir des grosses chaleurs avec des temp\u00e9ratures qui devraient monter jusqu&rsquo;\u00e0 36\u00b0C le matin. Prenez garde \u00e0 la vague de chaleur dans l&rsquo;apr\u00e8s-midi. Des valeurs de 33 \u00e0 36\u00b0C sont annonc\u00e9es. Demain soir, de tr\u00e8s importantes chaleurs (entre 23\u00b0C et 31\u00b0C) sont pr\u00e9vues.<\/p>\n<p>Les jours qui suivent s&rsquo;annoncent similaires. Des temp\u00e9ratures dans les 41\u00b0C iront de pair avec un ciel ensoleill\u00e9.<\/p>\n<p>M\u00eame si l&rsquo;on peut appr\u00e9cier la chaleur, il ne faut cependant pas n\u00e9gliger de s&rsquo;en prot\u00e9ger et surtout rester vigilant vis-\u00e0-vis des personnes les plus sensibles. Une bonne hydratation et de la cr\u00e8me solaire sont n\u00e9cessaires face au soleil.<\/p>\n","protected":false},"excerpt":{"rendered":"Nantes va \u00eatre inond\u00e9e de soleil au cours de cette journ\u00e9e. La chaleur estivale sera bien l\u00e0 puisque&hellip;\n","protected":false},"author":2,"featured_media":212061,"comment_status":"","ping_status":"","sticky":false,"template":"","format":"standard","meta":{"footnotes":""},"categories":[2818],"tags":[1111,11,1777,674,1011,27,3047,766,12,2636,2119,25],"class_list":{"0":"post-212060","1":"post","2":"type-post","3":"status-publish","4":"format-standard","5":"has-post-thumbnail","7":"category-nantes","8":"tag-actu","9":"tag-actualites","10":"tag-eu","11":"tag-europe","12":"tag-fr","13":"tag-france","14":"tag-loire-atlantique","15":"tag-nantes","16":"tag-news","17":"tag-pays-de-la-loire","18":"tag-previsions-meteo","19":"tag-republique-francaise"},"share_on_mastodon":{"url":"https:\/\/pubeurope.com\/@fr\/114763699586373234","error":""},"_links":{"self":[{"href":"https:\/\/www.europesays.com\/fr\/wp-json\/wp\/v2\/posts\/212060","targetHints":{"allow":["GET"]}}],"collection":[{"href":"https:\/\/www.europesays.com\/fr\/wp-json\/wp\/v2\/posts"}],"about":[{"href":"https:\/\/www.europesays.com\/fr\/wp-json\/wp\/v2\/types\/post"}],"author":[{"embeddable":true,"href":"https:\/\/www.europesays.com\/fr\/wp-json\/wp\/v2\/users\/2"}],"replies":[{"embeddable":true,"href":"https:\/\/www.europesays.com\/fr\/wp-json\/wp\/v2\/comments?post=212060"}],"version-history":[{"count":0,"href":"https:\/\/www.europesays.com\/fr\/wp-json\/wp\/v2\/posts\/212060\/revisions"}],"wp:featuredmedia":[{"embeddable":true,"href":"https:\/\/www.europesays.com\/fr\/wp-json\/wp\/v2\/media\/212061"}],"wp:attachment":[{"href":"https:\/\/www.europesays.com\/fr\/wp-json\/wp\/v2\/media?parent=212060"}],"wp:term":[{"taxonomy":"category","embeddable":true,"href":"https:\/\/www.europesays.com\/fr\/wp-json\/wp\/v2\/categories?post=212060"},{"taxonomy":"post_tag","embeddable":true,"href":"https:\/\/www.europesays.com\/fr\/wp-json\/wp\/v2\/tags?post=212060"}],"curies":[{"name":"wp","href":"https:\/\/api.w.org\/{rel}","templated":true}]}}