{"id":212064,"date":"2025-06-28T23:58:09","date_gmt":"2025-06-28T23:58:09","guid":{"rendered":"https:\/\/www.europesays.com\/fr\/212064\/"},"modified":"2025-06-28T23:58:09","modified_gmt":"2025-06-28T23:58:09","slug":"previsions-du-dimanche-29-juin-2025-6","status":"publish","type":"post","link":"https:\/\/www.europesays.com\/fr\/212064\/","title":{"rendered":"pr\u00e9visions du dimanche 29 juin 2025"},"content":{"rendered":"<p>Le soleil sera dominant, la promesse d&rsquo;une magnifique journ\u00e9e \u00e0 Bordeaux ! L&rsquo;\u00e9t\u00e9 s&rsquo;est d\u00e9finitivement install\u00e9 puisque les valeurs iront de 20 \u00e0 39\u00b0C. Un vent de nord-ouest soufflera doucement. La ville va p\u00e2tir des fortes chaleurs avec des temp\u00e9ratures qui devraient monter \u00e0 37\u00b0C le matin. Les temp\u00e9ratures, plus estivales, vont conna\u00eetre une hausse de plusieurs degr\u00e9s lors de l&rsquo;apr\u00e8s-midi. Les importantes chaleurs sont pr\u00e9sentes. Avec des valeurs \u00e9chelonn\u00e9es entre 37 et 39\u00b0C. L&rsquo;\u00e9pisode de grosses chaleurs est bien l\u00e0, avec des temp\u00e9ratures qui risqueront d&rsquo;aller jusqu&rsquo;\u00e0 35\u00b0C le soir. Durant votre sommeil, dans la nuit de dimanche \u00e0 lundi, le ciel sera clair.<\/p>\n<p>Demain, les Bordelais comme les touristes vont pouvoir b\u00e9n\u00e9ficier d&rsquo;un soleil radieux. Une m\u00e9t\u00e9o plus chaude est attendue \u00e9tant donn\u00e9 que le mercure va enregistrer une augmentation, remplissant les terrasses de r\u00e9sidents et de vacanciers venus appr\u00e9cier l&rsquo;\u00e9t\u00e9. Les valeurs \u00e9volueront entre 22 et 39\u2009\u00b0C. Une l\u00e9g\u00e8re brise de nord-ouest sera ressentie par les habitants. Le matin, de tr\u00e8s fortes chaleurs (entre 25\u00b0C et 38\u00b0C) sont pr\u00e9vues. Demain apr\u00e8s-midi, c&rsquo;est une hausse de plusieurs degr\u00e9s que vont conna\u00eetre les temp\u00e9ratures pour un temps de plus en plus estival. Attention \u00e0 la vague de chaleur. Des temp\u00e9ratures de 37 \u00e0 39\u00b0C sont annonc\u00e9es. Les valeurs maximales attendues demain soir sont \u00e9lev\u00e9es, avec 34\u00b0C.<\/p>\n<p>Les jours s&rsquo;encha\u00eenent et ne changent pas. On pr\u00e9voit des journ\u00e9es ensoleill\u00e9es, avec des temp\u00e9ratures dans les 42\u00b0C en moyenne.<\/p>\n<p>Pensez \u00e0 bien vous hydrater, m\u00eame si vous n&rsquo;avez pas soif, durant ces p\u00e9riodes de fortes chaleurs. Evitez de vous exposer entre 12h et 16h et faites particuli\u00e8rement attention aux personnes les plus fragiles comme les personnes \u00e2g\u00e9es ou les nourrissons.<\/p>\n","protected":false},"excerpt":{"rendered":"Le soleil sera dominant, la promesse d&rsquo;une magnifique journ\u00e9e \u00e0 Bordeaux ! L&rsquo;\u00e9t\u00e9 s&rsquo;est d\u00e9finitivement install\u00e9 puisque les&hellip;\n","protected":false},"author":2,"featured_media":212065,"comment_status":"","ping_status":"","sticky":false,"template":"","format":"standard","meta":{"footnotes":""},"categories":[2817],"tags":[1111,11,3177,1997,1777,674,1011,27,2905,12,2219,2119,25],"class_list":{"0":"post-212064","1":"post","2":"type-post","3":"status-publish","4":"format-standard","5":"has-post-thumbnail","7":"category-bordeaux","8":"tag-actu","9":"tag-actualites","10":"tag-aquitaine","11":"tag-bordeaux","12":"tag-eu","13":"tag-europe","14":"tag-fr","15":"tag-france","16":"tag-gironde","17":"tag-news","18":"tag-nouvelle-aquitaine","19":"tag-previsions-meteo","20":"tag-republique-francaise"},"share_on_mastodon":{"url":"https:\/\/pubeurope.com\/@fr\/114763707375016447","error":""},"_links":{"self":[{"href":"https:\/\/www.europesays.com\/fr\/wp-json\/wp\/v2\/posts\/212064","targetHints":{"allow":["GET"]}}],"collection":[{"href":"https:\/\/www.europesays.com\/fr\/wp-json\/wp\/v2\/posts"}],"about":[{"href":"https:\/\/www.europesays.com\/fr\/wp-json\/wp\/v2\/types\/post"}],"author":[{"embeddable":true,"href":"https:\/\/www.europesays.com\/fr\/wp-json\/wp\/v2\/users\/2"}],"replies":[{"embeddable":true,"href":"https:\/\/www.europesays.com\/fr\/wp-json\/wp\/v2\/comments?post=212064"}],"version-history":[{"count":0,"href":"https:\/\/www.europesays.com\/fr\/wp-json\/wp\/v2\/posts\/212064\/revisions"}],"wp:featuredmedia":[{"embeddable":true,"href":"https:\/\/www.europesays.com\/fr\/wp-json\/wp\/v2\/media\/212065"}],"wp:attachment":[{"href":"https:\/\/www.europesays.com\/fr\/wp-json\/wp\/v2\/media?parent=212064"}],"wp:term":[{"taxonomy":"category","embeddable":true,"href":"https:\/\/www.europesays.com\/fr\/wp-json\/wp\/v2\/categories?post=212064"},{"taxonomy":"post_tag","embeddable":true,"href":"https:\/\/www.europesays.com\/fr\/wp-json\/wp\/v2\/tags?post=212064"}],"curies":[{"name":"wp","href":"https:\/\/api.w.org\/{rel}","templated":true}]}}