{"id":212068,"date":"2025-06-29T00:00:10","date_gmt":"2025-06-29T00:00:10","guid":{"rendered":"https:\/\/www.europesays.com\/fr\/212068\/"},"modified":"2025-06-29T00:00:10","modified_gmt":"2025-06-29T00:00:10","slug":"previsions-du-dimanche-29-juin-2025-7","status":"publish","type":"post","link":"https:\/\/www.europesays.com\/fr\/212068\/","title":{"rendered":"pr\u00e9visions du dimanche 29 juin 2025"},"content":{"rendered":"<p>Le soleil sera au rendez-vous \u00e0 Toulouse : une magnifique journ\u00e9e se pr\u00e9sente ! L&rsquo;\u00e9t\u00e9 s&rsquo;est d\u00e9finitivement install\u00e9 puisque les valeurs iront de 20 \u00e0 38\u00b0C. La matin\u00e9e va \u00eatre vraiment chaude : pr\u00e8s de 34\u00b0C. Une modeste brise de nord-ouest sera ressentie par les habitants. Un temps plus chaud est \u00e0 pr\u00e9voir l&rsquo;apr\u00e8s-midi \u00e9tant donn\u00e9 que les temp\u00e9ratures vont enregistrer une hausse, remplissant les terrasses d&rsquo;habitants et de vacanciers venus appr\u00e9cier l&rsquo;\u00e9t\u00e9. De tr\u00e8s fortes chaleurs (entre 36\u00b0C et 38\u00b0C) sont pr\u00e9vues. Les grosses chaleurs sont pr\u00e9sentes. Avec des temp\u00e9ratures \u00e9chelonn\u00e9es entre 29 et 36\u00b0C. Le ciel sera d\u00e9pourvu de nuages dans la nuit de dimanche \u00e0 lundi.<\/p>\n<p>Demain, un important soleil rayonnera sur Toulouse. La m\u00e9t\u00e9o va se r\u00e9chauffer avec une augmentation de quelques degr\u00e9s pour un \u00e9t\u00e9 chaud. La ville va p\u00e2tir des fortes chaleurs avec des valeurs qui pourraient grimper \u00e0 39\u00b0C. Un vent de nord-ouest rafra\u00eechira l\u00e9g\u00e8rement l&rsquo;atmosph\u00e8re. Attention \u00e0 la vague de chaud au cours de la matin\u00e9e. Des temp\u00e9ratures de 25 \u00e0 37\u00b0C sont annonc\u00e9es. Demain apr\u00e8s-midi, c&rsquo;est une hausse de plusieurs degr\u00e9s que vont conna\u00eetre les temp\u00e9ratures pour un climat de plus en plus estival. La ville va conna\u00eetre un passage de grosses chaleurs avec des valeurs qui atteindront parfois les 39\u00b0C. Les temp\u00e9ratures maximales attendues demain soir sont \u00e9lev\u00e9es, avec 37\u00b0C.<\/p>\n<p>Les jours qui suivent s&rsquo;annoncent similaires. Le temps sera ensoleill\u00e9 avec des temp\u00e9ratures avoisinant 40\u00b0C.<\/p>\n<p>Evitez de vous exposer aux heures les plus chaudes (entre 12h et 16h), couvrez-vous la t\u00eate, portez des lunettes de soleil et utilisez une cr\u00e8me solaire adapt\u00e9 !<\/p>\n","protected":false},"excerpt":{"rendered":"Le soleil sera au rendez-vous \u00e0 Toulouse : une magnifique journ\u00e9e se pr\u00e9sente ! L&rsquo;\u00e9t\u00e9 s&rsquo;est d\u00e9finitivement install\u00e9&hellip;\n","protected":false},"author":2,"featured_media":212069,"comment_status":"","ping_status":"","sticky":false,"template":"","format":"standard","meta":{"footnotes":""},"categories":[2816],"tags":[1111,11,1777,674,1011,27,2722,2721,12,2680,2119,25,2312],"class_list":{"0":"post-212068","1":"post","2":"type-post","3":"status-publish","4":"format-standard","5":"has-post-thumbnail","7":"category-toulouse","8":"tag-actu","9":"tag-actualites","10":"tag-eu","11":"tag-europe","12":"tag-fr","13":"tag-france","14":"tag-haute-garonne","15":"tag-midi-pyrenees","16":"tag-news","17":"tag-occitanie","18":"tag-previsions-meteo","19":"tag-republique-francaise","20":"tag-toulouse"},"share_on_mastodon":{"url":"https:\/\/pubeurope.com\/@fr\/114763715258535950","error":""},"_links":{"self":[{"href":"https:\/\/www.europesays.com\/fr\/wp-json\/wp\/v2\/posts\/212068","targetHints":{"allow":["GET"]}}],"collection":[{"href":"https:\/\/www.europesays.com\/fr\/wp-json\/wp\/v2\/posts"}],"about":[{"href":"https:\/\/www.europesays.com\/fr\/wp-json\/wp\/v2\/types\/post"}],"author":[{"embeddable":true,"href":"https:\/\/www.europesays.com\/fr\/wp-json\/wp\/v2\/users\/2"}],"replies":[{"embeddable":true,"href":"https:\/\/www.europesays.com\/fr\/wp-json\/wp\/v2\/comments?post=212068"}],"version-history":[{"count":0,"href":"https:\/\/www.europesays.com\/fr\/wp-json\/wp\/v2\/posts\/212068\/revisions"}],"wp:featuredmedia":[{"embeddable":true,"href":"https:\/\/www.europesays.com\/fr\/wp-json\/wp\/v2\/media\/212069"}],"wp:attachment":[{"href":"https:\/\/www.europesays.com\/fr\/wp-json\/wp\/v2\/media?parent=212068"}],"wp:term":[{"taxonomy":"category","embeddable":true,"href":"https:\/\/www.europesays.com\/fr\/wp-json\/wp\/v2\/categories?post=212068"},{"taxonomy":"post_tag","embeddable":true,"href":"https:\/\/www.europesays.com\/fr\/wp-json\/wp\/v2\/tags?post=212068"}],"curies":[{"name":"wp","href":"https:\/\/api.w.org\/{rel}","templated":true}]}}