{"id":212074,"date":"2025-06-29T00:04:09","date_gmt":"2025-06-29T00:04:09","guid":{"rendered":"https:\/\/www.europesays.com\/fr\/212074\/"},"modified":"2025-06-29T00:04:09","modified_gmt":"2025-06-29T00:04:09","slug":"previsions-du-dimanche-29-juin-2025-8","status":"publish","type":"post","link":"https:\/\/www.europesays.com\/fr\/212074\/","title":{"rendered":"pr\u00e9visions du dimanche 29 juin 2025"},"content":{"rendered":"<p>C&rsquo;est un soleil magnifique qui va se montrer aujourd&rsquo;hui sur Marseille. L&rsquo;\u00e9t\u00e9 s&rsquo;est d\u00e9finitivement install\u00e9 puisque les temp\u00e9ratures iront de 26 \u00e0 30\u00b0C. La matin\u00e9e va \u00eatre vraiment chaude : pr\u00e8s de 30\u00b0C. Les temp\u00e9ratures avoisineront les 29\u00b0C. Un petit vent de sud sera ressenti par les habitants. La ville va subir, l&rsquo;apr\u00e8s-midi, un passage de grosses chaleurs avec des valeurs qui rejoindront parfois les 30\u00b0C. Ce sera un bel \u00e9t\u00e9 : les temp\u00e9ratures afficheront entre 29 et 30\u00b0C. Le soir, les valeurs seront comprises entre 27 et 29\u00b0C, un temps r\u00e9solument de saison. On pr\u00e9voit une nuit claire entre dimanche et lundi.<\/p>\n<p>Demain, un grand soleil rayonnera sur Marseille. C&rsquo;est une hausse de quelques degr\u00e9s que vont conna\u00eetre les temp\u00e9ratures pour un climat de plus en plus estival. Les importantes chaleurs sont pr\u00e9sentes. Avec des temp\u00e9ratures comprises entre 26 et 31\u00b0C. Ce sera un bel \u00e9t\u00e9 : les valeurs s&rsquo;\u00e9chelonneront entre 26 et 31\u00b0C. Un vent de sud-ouest rafra\u00eechira quelque peu l&rsquo;atmosph\u00e8re. D\u00e8s le matin, les temp\u00e9ratures \u00e9volueront entre 28 et 31\u2009\u00b0C. Il va faire chaud avec des valeurs qui afficheront entre 28 et 31\u00b0C. Prenez garde \u00e0 la vague de chaud au cours de l&rsquo;apr\u00e8s-midi. Des temp\u00e9ratures de 29 \u00e0 31\u00b0C sont pr\u00e9vues. Les valeurs seront comprises entre 29\u00b0C et 31\u00b0C, donnant aux habitants l&rsquo;occasion d&rsquo;appr\u00e9cier la saison estivale. Demain soir, on anticipe des temp\u00e9ratures avoisinant 28\u00b0C.<\/p>\n<p>Peu de changements pour la suite. Il fera 29\u00b0C en moyenne pour des journ\u00e9es avec une m\u00e9t\u00e9o ensoleill\u00e9e.<\/p>\n<p><\/p>\n","protected":false},"excerpt":{"rendered":"C&rsquo;est un soleil magnifique qui va se montrer aujourd&rsquo;hui sur Marseille. L&rsquo;\u00e9t\u00e9 s&rsquo;est d\u00e9finitivement install\u00e9 puisque les temp\u00e9ratures&hellip;\n","protected":false},"author":2,"featured_media":212075,"comment_status":"","ping_status":"","sticky":false,"template":"","format":"standard","meta":{"footnotes":""},"categories":[2814],"tags":[1111,11,885,1777,674,1011,27,884,12,883,2119,882,25],"class_list":{"0":"post-212074","1":"post","2":"type-post","3":"status-publish","4":"format-standard","5":"has-post-thumbnail","7":"category-marseille","8":"tag-actu","9":"tag-actualites","10":"tag-bouches-du-rhone","11":"tag-eu","12":"tag-europe","13":"tag-fr","14":"tag-france","15":"tag-marseille","16":"tag-news","17":"tag-paca","18":"tag-previsions-meteo","19":"tag-provence-alpes-cote-dazur","20":"tag-republique-francaise"},"share_on_mastodon":{"url":"https:\/\/pubeurope.com\/@fr\/114763731689885737","error":""},"_links":{"self":[{"href":"https:\/\/www.europesays.com\/fr\/wp-json\/wp\/v2\/posts\/212074","targetHints":{"allow":["GET"]}}],"collection":[{"href":"https:\/\/www.europesays.com\/fr\/wp-json\/wp\/v2\/posts"}],"about":[{"href":"https:\/\/www.europesays.com\/fr\/wp-json\/wp\/v2\/types\/post"}],"author":[{"embeddable":true,"href":"https:\/\/www.europesays.com\/fr\/wp-json\/wp\/v2\/users\/2"}],"replies":[{"embeddable":true,"href":"https:\/\/www.europesays.com\/fr\/wp-json\/wp\/v2\/comments?post=212074"}],"version-history":[{"count":0,"href":"https:\/\/www.europesays.com\/fr\/wp-json\/wp\/v2\/posts\/212074\/revisions"}],"wp:featuredmedia":[{"embeddable":true,"href":"https:\/\/www.europesays.com\/fr\/wp-json\/wp\/v2\/media\/212075"}],"wp:attachment":[{"href":"https:\/\/www.europesays.com\/fr\/wp-json\/wp\/v2\/media?parent=212074"}],"wp:term":[{"taxonomy":"category","embeddable":true,"href":"https:\/\/www.europesays.com\/fr\/wp-json\/wp\/v2\/categories?post=212074"},{"taxonomy":"post_tag","embeddable":true,"href":"https:\/\/www.europesays.com\/fr\/wp-json\/wp\/v2\/tags?post=212074"}],"curies":[{"name":"wp","href":"https:\/\/api.w.org\/{rel}","templated":true}]}}