{"id":212078,"date":"2025-06-29T00:06:16","date_gmt":"2025-06-29T00:06:16","guid":{"rendered":"https:\/\/www.europesays.com\/fr\/212078\/"},"modified":"2025-06-29T00:06:16","modified_gmt":"2025-06-29T00:06:16","slug":"previsions-du-dimanche-29-juin-2025-9","status":"publish","type":"post","link":"https:\/\/www.europesays.com\/fr\/212078\/","title":{"rendered":"pr\u00e9visions du dimanche 29 juin 2025"},"content":{"rendered":"<p>C&rsquo;est un soleil magnifique qui va se montrer aujourd&rsquo;hui sur Lyon. Les valeurs s&rsquo;\u00e9chelonneront entre 20\u00b0C et 35\u00b0C, donnant \u00e0 la population l&rsquo;occasion de profiter de la belle saison. Une brise de nord-ouest soufflera l\u00e9g\u00e8rement. L&rsquo;\u00e9pisode de fortes chaleurs est bien l\u00e0, avec des temp\u00e9ratures qui pourront aller \u00e0 32\u00b0C le matin. Les valeurs vont conna\u00eetre une hausse de plusieurs degr\u00e9s dans l&rsquo;apr\u00e8s-midi. Les vacanciers comme les locaux pourront enfiler sandales et chapeau. Prenez garde \u00e0 la vague de chaleur. Des valeurs de 33 \u00e0 35\u00b0C sont annonc\u00e9es. La ville va conna\u00eetre, le soir, un passage de grosses chaleurs avec des temp\u00e9ratures qui atteindront parfois les 32\u00b0C. Durant la nuit de dimanche \u00e0 lundi, le ciel sera limpide.<\/p>\n<p>Demain, les Lyonnais comme les touristes vont pouvoir profiter d&rsquo;un soleil radieux. L&rsquo;air ambiant va se r\u00e9chauffer avec une augmentation de quelques degr\u00e9s pour un \u00e9t\u00e9 chaud. Les valeurs maximums attendues sont \u00e9lev\u00e9es, avec 36\u00b0C. Ce sera un bel \u00e9t\u00e9 : les temp\u00e9ratures seront comprises entre 21 et 36\u00b0C. Un vent de nord-est rafra\u00eechira sensiblement l&rsquo;atmosph\u00e8re. Le matin, de tr\u00e8s importantes chaleurs (entre 24\u00b0C et 34\u00b0C) sont pr\u00e9vues. Un temps plus chaud est \u00e0 pr\u00e9voir demain apr\u00e8s-midi puisque les temp\u00e9ratures vont enregistrer une hausse, remplissant les terrasses d&rsquo;habitants et de vacanciers venus appr\u00e9cier l&rsquo;\u00e9t\u00e9. La ville va souffrir des fortes chaleurs avec des valeurs qui devraient monter jusqu&rsquo;\u00e0 36\u00b0C. La soir\u00e9e va se trouver vraiment suffocante : pr\u00e8s de 35\u00b0C.<\/p>\n<p>Les jours se suivent et ne changent pas. Il fera 38\u00b0C en moyenne pour des journ\u00e9es avec une m\u00e9t\u00e9o ensoleill\u00e9e.<\/p>\n<p>Lors de forte chaleur, il est n\u00e9cessaire de se rafra\u00eechir par n&rsquo;importe quel moyen. Hydratez-vous correctement, prenez des douches fr\u00e9quemment, uilisez un brumisateur et tenez vos volets ferm\u00e9s pendant la journ\u00e9e.<\/p>\n","protected":false},"excerpt":{"rendered":"C&rsquo;est un soleil magnifique qui va se montrer aujourd&rsquo;hui sur Lyon. Les valeurs s&rsquo;\u00e9chelonneront entre 20\u00b0C et 35\u00b0C,&hellip;\n","protected":false},"author":2,"featured_media":212079,"comment_status":"","ping_status":"","sticky":false,"template":"","format":"standard","meta":{"footnotes":""},"categories":[1889],"tags":[1111,11,2430,1777,674,1011,27,2428,12,2119,25,2429,2431],"class_list":{"0":"post-212078","1":"post","2":"type-post","3":"status-publish","4":"format-standard","5":"has-post-thumbnail","7":"category-lyon","8":"tag-actu","9":"tag-actualites","10":"tag-auvergne-rhone-alpes","11":"tag-eu","12":"tag-europe","13":"tag-fr","14":"tag-france","15":"tag-lyon","16":"tag-news","17":"tag-previsions-meteo","18":"tag-republique-francaise","19":"tag-rhone","20":"tag-rhone-alpes"},"share_on_mastodon":{"url":"https:\/\/pubeurope.com\/@fr\/114763738890458184","error":""},"_links":{"self":[{"href":"https:\/\/www.europesays.com\/fr\/wp-json\/wp\/v2\/posts\/212078","targetHints":{"allow":["GET"]}}],"collection":[{"href":"https:\/\/www.europesays.com\/fr\/wp-json\/wp\/v2\/posts"}],"about":[{"href":"https:\/\/www.europesays.com\/fr\/wp-json\/wp\/v2\/types\/post"}],"author":[{"embeddable":true,"href":"https:\/\/www.europesays.com\/fr\/wp-json\/wp\/v2\/users\/2"}],"replies":[{"embeddable":true,"href":"https:\/\/www.europesays.com\/fr\/wp-json\/wp\/v2\/comments?post=212078"}],"version-history":[{"count":0,"href":"https:\/\/www.europesays.com\/fr\/wp-json\/wp\/v2\/posts\/212078\/revisions"}],"wp:featuredmedia":[{"embeddable":true,"href":"https:\/\/www.europesays.com\/fr\/wp-json\/wp\/v2\/media\/212079"}],"wp:attachment":[{"href":"https:\/\/www.europesays.com\/fr\/wp-json\/wp\/v2\/media?parent=212078"}],"wp:term":[{"taxonomy":"category","embeddable":true,"href":"https:\/\/www.europesays.com\/fr\/wp-json\/wp\/v2\/categories?post=212078"},{"taxonomy":"post_tag","embeddable":true,"href":"https:\/\/www.europesays.com\/fr\/wp-json\/wp\/v2\/tags?post=212078"}],"curies":[{"name":"wp","href":"https:\/\/api.w.org\/{rel}","templated":true}]}}