{"id":212080,"date":"2025-06-29T00:07:14","date_gmt":"2025-06-29T00:07:14","guid":{"rendered":"https:\/\/www.europesays.com\/fr\/212080\/"},"modified":"2025-06-29T00:07:14","modified_gmt":"2025-06-29T00:07:14","slug":"les-supporters-de-lol-en-colere-devant-le-groupama-stadium-demandent-la-demission-de-john-textor","status":"publish","type":"post","link":"https:\/\/www.europesays.com\/fr\/212080\/","title":{"rendered":"les supporters de l&rsquo;OL en col\u00e8re devant le Groupama Stadium demandent la d\u00e9mission de John Textor"},"content":{"rendered":"<p>Le capo des Bad Gones reprend le micro. \u00ab Quand on a vu Textor pour la premi\u00e8re fois, on lui a dit que son syst\u00e8me de multipropri\u00e9t\u00e9, on le vomit. On a un r\u00f4le de garant du respect de l&rsquo;histoire de l&rsquo;OL ou de ses L\u00e9gendes. Or aujourd&rsquo;hui, des gens sont accroch\u00e9s \u00e0 une chaise et \u00e0 un salaire. Il faut que ces gens d\u00e9gagent. Le peuple lyonnais en a marre. L&rsquo;OL, ce n&rsquo;est pas une mafia comme l&rsquo;OM, on ne fait pas de politique. Juste garant de valeurs. Que tout le monde le garde en t\u00eate. L&rsquo;OL, ce sont des joueurs, des salari\u00e9s, mais ce sont d&rsquo;abord tous des amoureux comme vous. On ne laissera plus jamais ce club sali comme il l&rsquo;a \u00e9t\u00e9.<\/p>\n<p>Aujourd&rsquo;hui, les gens qui ont l&rsquo;argent, c&rsquo;est Ares. Ils sont salis aussi par Textor. Qu&rsquo;importe leur choix, mais que Textor d\u00e9gage. En deux ans, il a fait trop de mal. La reprise va demander du temps et du travail. On va nous demander que lorsque les gones du centre de formation, qu&rsquo;ils n&rsquo;aient pas les jambes qui tremblent de savoir si le minibus a \u00e9t\u00e9 pay\u00e9, que les partenaires de l&rsquo;OL soient respect\u00e9s et pay\u00e9s. Ils permettent notre survie. On veut aussi qu&rsquo;une personne soit \u00e0 plein temps pour les int\u00e9r\u00eats de l&rsquo;OL, et pas ceux des financiers, qu&rsquo;il respecte l&rsquo;OL, ses valeurs, ses l\u00e9gendes depuis 1950. \u00bb<\/p>\n","protected":false},"excerpt":{"rendered":"Le capo des Bad Gones reprend le micro. \u00ab Quand on a vu Textor pour la premi\u00e8re fois,&hellip;\n","protected":false},"author":2,"featured_media":212081,"comment_status":"","ping_status":"","sticky":false,"template":"","format":"standard","meta":{"footnotes":""},"categories":[1889],"tags":[1111,11,2430,4624,3152,2757,1777,674,107,63,1011,27,2428,12,2755,25,2429,801,517],"class_list":{"0":"post-212080","1":"post","2":"type-post","3":"status-publish","4":"format-standard","5":"has-post-thumbnail","7":"category-lyon","8":"tag-actu","9":"tag-actualites","10":"tag-auvergne-rhone-alpes","11":"tag-decines-charpieu","12":"tag-edition-est-lyonnais","13":"tag-edition-lyon-villeurbanne","14":"tag-eu","15":"tag-europe","16":"tag-fil-info","17":"tag-football","18":"tag-fr","19":"tag-france","20":"tag-lyon","21":"tag-news","22":"tag-ol-olympique-lyonnais-football","23":"tag-republique-francaise","24":"tag-rhone","25":"tag-social","26":"tag-sport"},"share_on_mastodon":{"url":"https:\/\/pubeurope.com\/@fr\/114763742780844990","error":""},"_links":{"self":[{"href":"https:\/\/www.europesays.com\/fr\/wp-json\/wp\/v2\/posts\/212080","targetHints":{"allow":["GET"]}}],"collection":[{"href":"https:\/\/www.europesays.com\/fr\/wp-json\/wp\/v2\/posts"}],"about":[{"href":"https:\/\/www.europesays.com\/fr\/wp-json\/wp\/v2\/types\/post"}],"author":[{"embeddable":true,"href":"https:\/\/www.europesays.com\/fr\/wp-json\/wp\/v2\/users\/2"}],"replies":[{"embeddable":true,"href":"https:\/\/www.europesays.com\/fr\/wp-json\/wp\/v2\/comments?post=212080"}],"version-history":[{"count":0,"href":"https:\/\/www.europesays.com\/fr\/wp-json\/wp\/v2\/posts\/212080\/revisions"}],"wp:featuredmedia":[{"embeddable":true,"href":"https:\/\/www.europesays.com\/fr\/wp-json\/wp\/v2\/media\/212081"}],"wp:attachment":[{"href":"https:\/\/www.europesays.com\/fr\/wp-json\/wp\/v2\/media?parent=212080"}],"wp:term":[{"taxonomy":"category","embeddable":true,"href":"https:\/\/www.europesays.com\/fr\/wp-json\/wp\/v2\/categories?post=212080"},{"taxonomy":"post_tag","embeddable":true,"href":"https:\/\/www.europesays.com\/fr\/wp-json\/wp\/v2\/tags?post=212080"}],"curies":[{"name":"wp","href":"https:\/\/api.w.org\/{rel}","templated":true}]}}