{"id":212086,"date":"2025-06-29T00:11:13","date_gmt":"2025-06-29T00:11:13","guid":{"rendered":"https:\/\/www.europesays.com\/fr\/212086\/"},"modified":"2025-06-29T00:11:13","modified_gmt":"2025-06-29T00:11:13","slug":"awge-a-paris-aap-rocky-devoile-le-roman-de-sa-victoire-judiciaire","status":"publish","type":"post","link":"https:\/\/www.europesays.com\/fr\/212086\/","title":{"rendered":"AWGE : \u00e0 Paris, A$AP Rocky d\u00e9voile le roman de sa victoire judiciaire"},"content":{"rendered":"<p class=\"article-content col-md-8 offset-md-1\">\n                                Le temps d\u2019un court d\u00e9fil\u00e9, l\u2019\u00c9glise protestante unie de l&rsquo;\u00c9toile (XVIIeme arrondissement de Paris) s\u2019est transform\u00e9e en podium plein \u00e0 craquer. Ce 27 juin, A$AP Rocky et son label de mode AWGE pr\u00e9sentaient leur deuxi\u00e8me collection, un an apr\u00e8s leur <a href=\"https:\/\/fr.fashionnetwork.com\/news\/A-ap-rocky-devoile-sa-collection-awge-dans-l-ancienne-demeure-de-karl-lagerfeld,1644146.html#herm%C3%A8s\" target=\"_blank\" rel=\"noopener\">premier show<\/a>.<\/p>\n<p><img decoding=\"async\" class=\"news-image\" style=\"width:100%;max-width:645px;\" src=\"https:\/\/www.europesays.com\/fr\/wp-content\/uploads\/2025\/06\/0811.jpg\" alt=\"'Non coupable' c\u00e9l\u00e8bre A$AP Rocky en se servant de sa collection\" loading=\"lazy\"\/>\u00ab\u00a0Non coupable\u00a0\u00bb c\u00e9l\u00e8bre A$AP Rocky en se servant de sa collection &#8211; Samuel Gut<\/p>\n<p class=\"col-md-8 offset-md-1 article-content--texte\">Le New-Yorkais a une nouvelle fois fait parler sa cr\u00e9ativit\u00e9 empreinte de l\u2019influence des blocks de Harlem et des quartiers chics tels que Manhattan, le tout sous une myriade de r\u00e9f\u00e9rences aux institutions am\u00e9ricaines, entre bandanas, tartans et costumes ajust\u00e9s. Trente-sept tenues se sont succ\u00e9d\u00e9 sous les vo\u00fbtes de l\u2019\u00e9tablissement religieux, couvertes d&rsquo;une fresque de photos tir\u00e9es de l\u2019univers actuel d\u2019A$AP Rocky.<\/p>\n<p class=\"col-md-10 exergue\">Mise en sc\u00e8ne d&rsquo;une histoire personnelle\u00a0<\/p>\n<p class=\"col-md-8 offset-md-1 article-content--texte\">Loin du sillage de sa premi\u00e8re collection, plus politique et moins personnelle, le cr\u00e9atif, de son vrai nom Rakim Mayers, signe ce qui semble \u00eatre une mise en sc\u00e8ne de ses r\u00e9centes aventures judiciaires ; il vient d\u2019\u00eatre innocent\u00e9 dans une affaire d\u2019agression avec arme datant de 2021. Ceux qui ont suivi l\u2019affaire ne sont pas surpris que certaines tenues comportent des costumes sur lesquels sont accroch\u00e9s des badges, et que les mannequins tiennent des dossiers.\u00a0<\/p>\n<p><img decoding=\"async\" class=\"news-image\" style=\"width:100%;max-width:645px;\" src=\"https:\/\/www.europesays.com\/fr\/wp-content\/uploads\/2025\/06\/d78c.jpg\" alt=\"Le jeu, composante importante de cette collection SS26\" loading=\"lazy\"\/>Le jeu, composante importante de cette collection SS26 &#8211; Samuel Gut<\/p>\n<p class=\"col-md-8 offset-md-1 article-content--texte\">Des casquettes et des gilets par balle rappellent les forces de l\u2019ordre propre \u00e0 cet univers, tandis que des hauts sont frapp\u00e9s des messages \u201cNot guilty\u201d et \u201cStop snitchin\u201d (en fran\u00e7ais, \u201cnon coupable\u201d et \u201carr\u00eatez de balancer\u201d), en r\u00e9f\u00e9rence \u00e0 A$AP Relli, ancien ami du rappeur de Harlem qui l\u2019accusait d\u2019agression. Un personnage semblable \u00e0 un juge est post\u00e9 en hauteur, toisant le ballet des mannequins, alors qu&rsquo;une bande son sign\u00e9e par le cr\u00e9ateur fait trembler les confessionnaux.<\/p>\n<p class=\"col-md-10 exergue\">Une collection pleine de collaborations<\/p>\n<p>Dans la chaleur \u00e9touffante, la collection est aussi un th\u00e9\u00e2tre de collaborations. Sous les yeux de <a class=\"fnwAddLinks\" href=\"https:\/\/ma.fashionnetwork.com\/tags-rihanna\" title=\"Rihanna\" target=\"_blank\" rel=\"noopener\">Rihanna<\/a> et de la foule, entre deux portiques de s\u00e9curit\u00e9, certaines chaussures r\u00e9v\u00e8lent leur semelle rouge, signature de <a class=\"fnwAddLinks\" href=\"https:\/\/ma.fashionnetwork.com\/tags-louboutin\" title=\"Louboutin\" target=\"_blank\" rel=\"noopener\">Louboutin<\/a>, et les lunettes de soleil sont sign\u00e9es <a href=\"https:\/\/fr.fashionnetwork.com\/news\/Ray-ban-a-ap-rocky-devient-le-premier-directeur-creatif-de-la-marque,1705162.html#herm%C3%A8s\" target=\"_blank\" rel=\"noopener\">Ray-Ban<\/a>, dont A$AP Rocky est le directeur cr\u00e9atif depuis f\u00e9vrier dernier. Le rappeur et designer s\u2019est \u00e9galement fait \u00e9pauler par <a href=\"https:\/\/www.google.fr\/search?q=asap+rocky+puma+fashion+network&amp;sca_esv=daa994d4f615f536&amp;authuser=2&amp;ei=7SNfaOmhE9GQkdUP6Jb1uAE&amp;ved=0ahUKEwipzM_P25KOAxVRSKQEHWhLHRcQ4dUDCBA&amp;uact=5&amp;oq=asap+rocky+puma+fashion+network&amp;gs_lp=Egxnd3Mtd2l6LXNlcnAiH2FzYXAgcm9ja3kgcHVtYSBmYXNoaW9uIG5ldHdvcmsyBRAhGKABSIMYUJEBWK4WcAJ4AJABAZgB-wGgAfkRqgEGNS4xMS4yuAEDyAEA-AEBmAISoAKoEMICChAAGLADGNYEGEfCAg0QABiABBiwAxhDGIoFwgIOEAAYsAMY5AIY1gTYAQHCAhkQLhiABBiwAxjRAxhDGMcBGMgDGIoF2AEBwgITEC4YgAQYsAMYQxjIAxiKBdgBAcICBRAAGIAEwgIGEAAYFhgewgIFEAAY7wXCAggQABiABBiiBMICCBAAGBYYChgewgIFECEYnwXCAgcQIRigARgKmAMAiAYBkAYTugYGCAEQARgJkgcGMy4xMy4yoAfrWbIHBjEuMTMuMrgH6Q_CBwoyLTE0LjMuMC4xyAedAQ&amp;sclient=gws-wiz-serp\" target=\"_blank\" rel=\"noopener\">Puma<\/a>, marque avec laquelle il collabore depuis 2023, en cr\u00e9ant des sacs \u00e0 la forme pentagonale et des sneakers exclusives.<\/p>\n<p><img decoding=\"async\" class=\"news-image\" style=\"width:100%;max-width:645px;\" src=\"https:\/\/www.europesays.com\/fr\/wp-content\/uploads\/2025\/06\/7330.jpg\" alt=\"Le gilet pare-balles revient souvent dans les tenues AWGE\" loading=\"lazy\"\/>Le gilet pare-balles revient souvent dans les tenues AWGE &#8211; Samuel Gut<\/p>\n<p class=\"col-md-8 offset-md-1 article-content--texte\">Les tenues propos\u00e9es s\u2019illustrent par le nombre de d\u00e9tails qu\u2019elles contiennent. Dans les cheveux de quelques mannequins sont \u00e9parpill\u00e9s des bigoudis, comme s\u2019ils avaient d\u00fb se rendre au d\u00e9fil\u00e9 \u00e0 l\u2019improviste, quand d\u2019autres portent des paquets de papier. Aussi, les nombreuses cartes \u00e0 jouer cal\u00e9es dans les casquettes ou imprim\u00e9es sur des hauts semblent soulever la question du hasard. Quelles retomb\u00e9es de ce proc\u00e8s A$AP Rocky consid\u00e8re-t-il li\u00e9es \u00e0 la chance ?\n                            <\/p>\n<p>\n                                Tous droits de reproduction et de repr\u00e9sentation r\u00e9serv\u00e9s.<br \/>\u00a9 2025 FashionNetwork.com\n                            <\/p>\n","protected":false},"excerpt":{"rendered":"Le temps d\u2019un court d\u00e9fil\u00e9, l\u2019\u00c9glise protestante unie de l&rsquo;\u00c9toile (XVIIeme arrondissement de Paris) s\u2019est transform\u00e9e en podium&hellip;\n","protected":false},"author":2,"featured_media":212087,"comment_status":"","ping_status":"","sticky":false,"template":"","format":"standard","meta":{"footnotes":""},"categories":[1888],"tags":[1111,1928,11,1927,2424,537,2423,1777,674,1011,27,32972,2425,985,12,1926,2298,626,1925,2426,2427,35179,1017,25,2421,5418,2422],"class_list":{"0":"post-212086","1":"post","2":"type-post","3":"status-publish","4":"format-standard","5":"has-post-thumbnail","7":"category-paris","8":"tag-actu","9":"tag-actu-paris","10":"tag-actualites","11":"tag-actualites-paris","12":"tag-beaute","13":"tag-contact","14":"tag-cosmetiques","15":"tag-eu","16":"tag-europe","17":"tag-fr","18":"tag-france","19":"tag-louboutin","20":"tag-luxe","21":"tag-mode","22":"tag-news","23":"tag-news-paris","24":"tag-parfum","25":"tag-paris","26":"tag-paris-news","27":"tag-professionnel","28":"tag-professionnels","29":"tag-puma","30":"tag-ray-ban","31":"tag-republique-francaise","32":"tag-reseau","33":"tag-rihanna","34":"tag-textile"},"share_on_mastodon":{"url":"https:\/\/pubeurope.com\/@fr\/114763759207433428","error":""},"_links":{"self":[{"href":"https:\/\/www.europesays.com\/fr\/wp-json\/wp\/v2\/posts\/212086","targetHints":{"allow":["GET"]}}],"collection":[{"href":"https:\/\/www.europesays.com\/fr\/wp-json\/wp\/v2\/posts"}],"about":[{"href":"https:\/\/www.europesays.com\/fr\/wp-json\/wp\/v2\/types\/post"}],"author":[{"embeddable":true,"href":"https:\/\/www.europesays.com\/fr\/wp-json\/wp\/v2\/users\/2"}],"replies":[{"embeddable":true,"href":"https:\/\/www.europesays.com\/fr\/wp-json\/wp\/v2\/comments?post=212086"}],"version-history":[{"count":0,"href":"https:\/\/www.europesays.com\/fr\/wp-json\/wp\/v2\/posts\/212086\/revisions"}],"wp:featuredmedia":[{"embeddable":true,"href":"https:\/\/www.europesays.com\/fr\/wp-json\/wp\/v2\/media\/212087"}],"wp:attachment":[{"href":"https:\/\/www.europesays.com\/fr\/wp-json\/wp\/v2\/media?parent=212086"}],"wp:term":[{"taxonomy":"category","embeddable":true,"href":"https:\/\/www.europesays.com\/fr\/wp-json\/wp\/v2\/categories?post=212086"},{"taxonomy":"post_tag","embeddable":true,"href":"https:\/\/www.europesays.com\/fr\/wp-json\/wp\/v2\/tags?post=212086"}],"curies":[{"name":"wp","href":"https:\/\/api.w.org\/{rel}","templated":true}]}}