{"id":212098,"date":"2025-06-29T00:18:26","date_gmt":"2025-06-29T00:18:26","guid":{"rendered":"https:\/\/www.europesays.com\/fr\/212098\/"},"modified":"2025-06-29T00:18:26","modified_gmt":"2025-06-29T00:18:26","slug":"euro-u21-langleterre-conserve-son-titre-en-battant-lallemagne-en-finale","status":"publish","type":"post","link":"https:\/\/www.europesays.com\/fr\/212098\/","title":{"rendered":"Euro U21: l&rsquo;Angleterre conserve son titre en battant l&rsquo;Allemagne en finale"},"content":{"rendered":"<p class=\"ap-StoryElement ap-StoryElement--mb ap-StoryText\">\u00c0 Bratislava en Slovaquie, dans le stade Tehelne Pole, les Anglais ont sign\u00e9 une victoire 3-2 apr\u00e8s prolongations et ont remport\u00e9 un deuxi\u00e8me succ\u00e8s cons\u00e9cutif dans la comp\u00e9tition apr\u00e8s 2023.<\/p>\n<p class=\"ap-StoryElement ap-StoryElement--mb ap-StoryText\">Alors que les Allemands \u00e9taient invaincus depuis le d\u00e9but du tournoi, ils ont perdu pied \u00e0 l&rsquo;entame de match. Harvey Elliott, joueur \u00e9voluant \u00e0 Liverpool, a rapidement mis les Anglais aux commandes (5e). 20 minutes plus tard, Omari Hutchinson doublait la mise sur un assist de James McAtee (24e). Juste avant de retourner aux vestiaires, l&rsquo;Allemagne a r\u00e9duit l&rsquo;\u00e9cart gr\u00e2ce \u00e0 un but de Nelson Weiper (45+1e).<\/p>\n","protected":false},"excerpt":{"rendered":"\u00c0 Bratislava en Slovaquie, dans le stade Tehelne Pole, les Anglais ont sign\u00e9 une victoire 3-2 apr\u00e8s prolongations&hellip;\n","protected":false},"author":2,"featured_media":212099,"comment_status":"","ping_status":"","sticky":false,"template":"","format":"standard","meta":{"footnotes":""},"categories":[1587],"tags":[11,672,1804,1805,1803,1777,674,63,1801,12,1802,35180],"class_list":{"0":"post-212098","1":"post","2":"type-post","3":"status-publish","4":"format-standard","5":"has-post-thumbnail","7":"category-allemagne","8":"tag-actualites","9":"tag-allemagne","10":"tag-bundesrepublik-deutschland","11":"tag-de","12":"tag-deutschland","13":"tag-eu","14":"tag-europe","15":"tag-football","16":"tag-germany","17":"tag-news","18":"tag-republique-federale-dallemagne","19":"tag-u21"},"share_on_mastodon":{"url":"https:\/\/pubeurope.com\/@fr\/114763786828030426","error":""},"_links":{"self":[{"href":"https:\/\/www.europesays.com\/fr\/wp-json\/wp\/v2\/posts\/212098","targetHints":{"allow":["GET"]}}],"collection":[{"href":"https:\/\/www.europesays.com\/fr\/wp-json\/wp\/v2\/posts"}],"about":[{"href":"https:\/\/www.europesays.com\/fr\/wp-json\/wp\/v2\/types\/post"}],"author":[{"embeddable":true,"href":"https:\/\/www.europesays.com\/fr\/wp-json\/wp\/v2\/users\/2"}],"replies":[{"embeddable":true,"href":"https:\/\/www.europesays.com\/fr\/wp-json\/wp\/v2\/comments?post=212098"}],"version-history":[{"count":0,"href":"https:\/\/www.europesays.com\/fr\/wp-json\/wp\/v2\/posts\/212098\/revisions"}],"wp:featuredmedia":[{"embeddable":true,"href":"https:\/\/www.europesays.com\/fr\/wp-json\/wp\/v2\/media\/212099"}],"wp:attachment":[{"href":"https:\/\/www.europesays.com\/fr\/wp-json\/wp\/v2\/media?parent=212098"}],"wp:term":[{"taxonomy":"category","embeddable":true,"href":"https:\/\/www.europesays.com\/fr\/wp-json\/wp\/v2\/categories?post=212098"},{"taxonomy":"post_tag","embeddable":true,"href":"https:\/\/www.europesays.com\/fr\/wp-json\/wp\/v2\/tags?post=212098"}],"curies":[{"name":"wp","href":"https:\/\/api.w.org\/{rel}","templated":true}]}}