{"id":212102,"date":"2025-06-29T00:20:10","date_gmt":"2025-06-29T00:20:10","guid":{"rendered":"https:\/\/www.europesays.com\/fr\/212102\/"},"modified":"2025-06-29T00:20:10","modified_gmt":"2025-06-29T00:20:10","slug":"face-a-la-guerre-commerciale-de-donald-trump-lunion-europeenne-tentee-par-la-capitulation-liberation","status":"publish","type":"post","link":"https:\/\/www.europesays.com\/fr\/212102\/","title":{"rendered":"Face \u00e0 la guerre commerciale de Donald Trump, l&#039;Union europ\u00e9enne tent\u00e9e par la capitulation &#8211; Lib\u00e9ration"},"content":{"rendered":"<ol>\n<li><a href=\"https:\/\/news.google.com\/rss\/articles\/CBMi0wFBVV95cUxQZ2ZKSE16VVdZWmtrRktfVmpFY3lWTGI3SVZjaVltbjREZTFGeDI3a3ctSDNMMW9ESmhyaXJjeWktOG9MdUJZeTdBS3BvM2I3QU4yZV9mNkRCcy1mOTQtNC1KcUVvYVdWR3dOTV9Ib3lFWUltUlVTejFDZzQtUjh3N2RGZWlyMzV1Uk5OVVBHNmtCMmR6TXZaV1o0TzZSMDVvYnFNcTNzLVBQVExXZkxkQXNBVjhDZE5aUUZEZlJURXFLRkE4M0FWblhSbGhOYm5NTm5n?oc=5\" target=\"_blank\" rel=\"nofollow noopener\">Face \u00e0 la guerre commerciale de Donald Trump, l&rsquo;Union europ\u00e9enne tent\u00e9e par la capitulation<\/a>&nbsp;&nbsp;Lib\u00e9ration<\/li>\n<li><a href=\"https:\/\/news.google.com\/rss\/articles\/CBMiygFBVV95cUxNbFpmQ1FSX2FUa05PdlVFa1Y0MVhVZ2tHdDlLeEVzWC1SM3F0cDNKUVc1QXQ2SG1ZazU2OTVqeFd0Y3NaWjdCTjZ6OVEtdTVlYThBQXZqU3h5VkRhRktld0dmeG1TZ1Z4RkkyZzBXWHVzWDQ0SXEyWkd4cFdoZ1REVDlrR3ZaWHBDRnFCcEdTdjZ2bV9vMjY1V3FZdlBDand1eGhvOXd4YlZDcjl1UlFCYnRhRFptSGdPM0FUM3JtaWdLa3RvM0dOTHlR?oc=5\" target=\"_blank\" rel=\"nofollow noopener\">Taxes : Trump remet la pression sur l&rsquo;Europe &#8211; 28\/06<\/a>&nbsp;&nbsp;BFMTV<\/li>\n<li><a href=\"https:\/\/news.google.com\/rss\/articles\/CBMi-AFBVV95cUxONW5DSHNrWlg0em1WZnBiMTZubWZDT1pQcy16TEhCX0NGX1ZPcU5xNnI2MVFVUVFMRDljdnpYdGNId3hVUnZUVzhCUHdPTjNmUVNUN29SdEx4UDRQd0w0Qk04OEFOcWMxb0VfUlpaVXZjcE5EUmt4azJvdW9RbTVXUF9Cbkx6SU5CVEppRlpYcTR3MlAxNFRzYUZkLVlhbTMtcXQ0bUhkS05OUkFxNEJGeVN0a2xaT3o2dlhvS0o5NUhKTkNaSTh3SjF4aW5HMHdlQ3RRZC1nR0JoTlFSNGlWZmJRM3NiZGV1RnFpbDdROFRzbjU4U05rXw?oc=5\" target=\"_blank\" rel=\"nofollow noopener\">Droits de douane : \u00c9ric Lombard confiant sur un accord avec les \u00c9tats-Unis<\/a>&nbsp;&nbsp;Le Parisien<\/li>\n<li><a href=\"https:\/\/news.google.com\/rss\/articles\/CBMi4wFBVV95cUxOcHNrMlVOa2lQVmI2Vkxfa1JKLVlNRjU0OVdlR3JYNXlFaDdCY1FRUGFub05YRUthVHhjWURYTXhndHREWVVQYm1DV0xWTlphQjY0Z3NtcHBjLU1yeGhrbThlRzZncnJMMHBjQzVEVXBRV25RdTdtWXFFc0NZTy0taUFqTlpKVXRCbzBxdzQ2cHFGcjJKcmFoVWtQUTRobkZXck1USGxDdnVyX1hVSDBacDdpRFctZTlrVmZRM01MWlZGOGhUNzJhZE1YVGRLV2VBWjFDWWpMazgwSGo2UWticExMTQ?oc=5\" target=\"_blank\" rel=\"nofollow noopener\">Face \u00e0 \u201cl\u2019ultimatum\u201d de Trump, les leaders europ\u00e9ens \u00e0 la recherche d\u2019un cap clair<\/a>&nbsp;&nbsp;Courrier international<\/li>\n<li><a href=\"https:\/\/news.google.com\/rss\/articles\/CBMijAJBVV95cUxNa3A3eGk5RjgxNjVyZXh0dlJpYjg2V25na2FNWU9vVWp6WjVsSnR2WlpiZGZSVU9aRndZckZFcnNKMkRNUS1RZHQ5cXp2bDdLSTRYbFBPTF9wNVhpMmkyVWJwMlpqN3BPOTZZWlktdWx1bzRnZmpoMmZjcHhxMkVYdnRYTFBlbGdWWkVVaTB4SVFXX0tkQ1IxMWhaSExYcTlVVE5YTUlmdExuUnUwcUdGZElEQ0JoaWM2Umc0NDJHV2R4RWZQVXM3NEt4aDRuLV85UXdVckxDa1pmUENQZ2xrcjNCbUJMenN2YU5XS3dTQURYSFNnald2QU5vLXpwYzF2d0tNU0lORTROYXpz?oc=5\" target=\"_blank\" rel=\"nofollow noopener\">Droits de douane avec le reste du monde : les Etats-Unis envisagent de repousser la date butoir du 8 juillet<\/a>&nbsp;&nbsp;Le Monde.fr<\/li>\n<\/ol>\n","protected":false},"excerpt":{"rendered":"Face \u00e0 la guerre commerciale de Donald Trump, l&rsquo;Union europ\u00e9enne tent\u00e9e par la capitulation&nbsp;&nbsp;Lib\u00e9ration Taxes : Trump remet&hellip;\n","protected":false},"author":2,"featured_media":212103,"comment_status":"","ping_status":"","sticky":false,"template":"","format":"standard","meta":{"footnotes":""},"categories":[1586],"tags":[11,672,75,1777,674,1779,1011,27,1074,452,12,25,1778,364],"class_list":{"0":"post-212102","1":"post","2":"type-post","3":"status-publish","4":"format-standard","5":"has-post-thumbnail","7":"category-europe","8":"tag-actualites","9":"tag-allemagne","10":"tag-donald-trump","11":"tag-eu","12":"tag-europe","13":"tag-european-union","14":"tag-fr","15":"tag-france","16":"tag-guerre-commerciale","17":"tag-italie","18":"tag-news","19":"tag-republique-francaise","20":"tag-ue","21":"tag-union-europeenne"},"share_on_mastodon":{"url":"","error":""},"_links":{"self":[{"href":"https:\/\/www.europesays.com\/fr\/wp-json\/wp\/v2\/posts\/212102","targetHints":{"allow":["GET"]}}],"collection":[{"href":"https:\/\/www.europesays.com\/fr\/wp-json\/wp\/v2\/posts"}],"about":[{"href":"https:\/\/www.europesays.com\/fr\/wp-json\/wp\/v2\/types\/post"}],"author":[{"embeddable":true,"href":"https:\/\/www.europesays.com\/fr\/wp-json\/wp\/v2\/users\/2"}],"replies":[{"embeddable":true,"href":"https:\/\/www.europesays.com\/fr\/wp-json\/wp\/v2\/comments?post=212102"}],"version-history":[{"count":0,"href":"https:\/\/www.europesays.com\/fr\/wp-json\/wp\/v2\/posts\/212102\/revisions"}],"wp:featuredmedia":[{"embeddable":true,"href":"https:\/\/www.europesays.com\/fr\/wp-json\/wp\/v2\/media\/212103"}],"wp:attachment":[{"href":"https:\/\/www.europesays.com\/fr\/wp-json\/wp\/v2\/media?parent=212102"}],"wp:term":[{"taxonomy":"category","embeddable":true,"href":"https:\/\/www.europesays.com\/fr\/wp-json\/wp\/v2\/categories?post=212102"},{"taxonomy":"post_tag","embeddable":true,"href":"https:\/\/www.europesays.com\/fr\/wp-json\/wp\/v2\/tags?post=212102"}],"curies":[{"name":"wp","href":"https:\/\/api.w.org\/{rel}","templated":true}]}}