{"id":212108,"date":"2025-06-29T00:23:10","date_gmt":"2025-06-29T00:23:10","guid":{"rendered":"https:\/\/www.europesays.com\/fr\/212108\/"},"modified":"2025-06-29T00:23:10","modified_gmt":"2025-06-29T00:23:10","slug":"ruffin-lance-son-nouveau-mouvement-debout-avec-la-presidentielle-2027-en-ligne-de-mire","status":"publish","type":"post","link":"https:\/\/www.europesays.com\/fr\/212108\/","title":{"rendered":"Ruffin lance son nouveau mouvement \u00abDebout !\u00bb, avec la pr\u00e9sidentielle 2027 en ligne de mire"},"content":{"rendered":"<p>Le d\u00e9put\u00e9 de la Somme Fran\u00e7ois Ruffin a lanc\u00e9 ce samedi 28 juin \u00e0 Paris son nouveau mouvement Debout !, d\u00e9clinaison nationale de son micro-parti Picardie Debout !, avec l&rsquo;intention de se structurer pour peser \u00e0 gauche sur l&rsquo;\u00e9lection pr\u00e9sidentielle de 2027.<\/p>\n<p>Lanc\u00e9 en 2017, le petit parti de Fran\u00e7ois Ruffin devenait, par son nom Picardie Debout !, presque antinomique avec les ambitions nationales de l&rsquo;homme politique. \u00ab C&rsquo;est l&rsquo;Everest en tongs qu&rsquo;on va plusieurs fois devoir monter \u00bb, a pr\u00e9venu ce samedi l&rsquo;ancien d\u00e9put\u00e9 de La France insoumise, devant environ 200 militants et sympathisants. \u00ab Mais quand est-ce que \u00e7a a d\u00e9j\u00e0 \u00e9t\u00e9 facile ? Quand est-ce que, pour la gauche, \u00e7a n&rsquo;a pas \u00e9t\u00e9 David contre Goliath ? \u00bb, a-t-il interrog\u00e9.<\/p>\n<p>Son cr\u00e9neau reste toujours le m\u00eame : s&rsquo;adresser \u00e0 la <strong><a href=\"https:\/\/www.rfi.fr\/fr\/tag\/france\/\" rel=\"nofollow noopener\" target=\"_blank\" data-ylk=\"slk:France;elm:context_link;itc:0;sec:content-canvas\" class=\"link \">France<\/a><\/strong> des classes populaires et moyennes, en d\u00e9non\u00e7ant la mondialisation et les \u00e9lites, pour regagner les anciens \u00e9lecteurs de gauche pass\u00e9s \u00e0 l&rsquo;extr\u00eame droite, notamment dans les zones p\u00e9riurbaines et rurales. \u00ab Il y a un ressort psychologique chez nos dirigeants, ils ont envie de faire souffrir le pays, ils ont envie de faire souffrir le peuple \u00bb, a accus\u00e9 le Picard.<\/p>\n<p>\u00ab Quand on parle de peuple de gauche, on a quelque chose qui risque de devenir un oxymore. Le peuple, c&rsquo;est l&rsquo;arbitre de la nation. C&rsquo;est comme l&rsquo;arbitre au foot, m\u00eame quand il a tort, il faut en comprendre ses raisons \u00bb, a-t-il mis en garde. Et ce fervent soutien des Gilets Jaunes de souligner : \u00ab Quand le beau mot d&rsquo;\u00e9cologie devient le plus d\u00e9test\u00e9 du pays, il faut le noter. \u00bb<\/p>\n<p>Plusieurs repr\u00e9sentants de la gauche pr\u00e9sents au lancement<\/p>\n<p><a href=\"https:\/\/www.rfi.fr\/fr\/france\/20250628-france-ruffin-lance-son-nouveau-mouvement-debout-avec-la-pr%C3%A9sidentielle-2027-en-ligne-de-mire\" rel=\"nofollow noopener\" target=\"_blank\" data-ylk=\"slk:Lire la suite sur RFI;elm:context_link;itc:0;sec:content-canvas\" class=\"link \">Lire la suite sur RFI<\/a><\/p>\n","protected":false},"excerpt":{"rendered":"Le d\u00e9put\u00e9 de la Somme Fran\u00e7ois Ruffin a lanc\u00e9 ce samedi 28 juin \u00e0 Paris son nouveau mouvement&hellip;\n","protected":false},"author":2,"featured_media":212109,"comment_status":"","ping_status":"","sticky":false,"template":"","format":"standard","meta":{"footnotes":""},"categories":[4],"tags":[11,1011,27,4483,12,35181,25],"class_list":{"0":"post-212108","1":"post","2":"type-post","3":"status-publish","4":"format-standard","5":"has-post-thumbnail","7":"category-france","8":"tag-actualites","9":"tag-fr","10":"tag-france","11":"tag-francois-ruffin","12":"tag-news","13":"tag-picardie-debout","14":"tag-republique-francaise"},"share_on_mastodon":{"url":"https:\/\/pubeurope.com\/@fr\/114763805760152756","error":""},"_links":{"self":[{"href":"https:\/\/www.europesays.com\/fr\/wp-json\/wp\/v2\/posts\/212108","targetHints":{"allow":["GET"]}}],"collection":[{"href":"https:\/\/www.europesays.com\/fr\/wp-json\/wp\/v2\/posts"}],"about":[{"href":"https:\/\/www.europesays.com\/fr\/wp-json\/wp\/v2\/types\/post"}],"author":[{"embeddable":true,"href":"https:\/\/www.europesays.com\/fr\/wp-json\/wp\/v2\/users\/2"}],"replies":[{"embeddable":true,"href":"https:\/\/www.europesays.com\/fr\/wp-json\/wp\/v2\/comments?post=212108"}],"version-history":[{"count":0,"href":"https:\/\/www.europesays.com\/fr\/wp-json\/wp\/v2\/posts\/212108\/revisions"}],"wp:featuredmedia":[{"embeddable":true,"href":"https:\/\/www.europesays.com\/fr\/wp-json\/wp\/v2\/media\/212109"}],"wp:attachment":[{"href":"https:\/\/www.europesays.com\/fr\/wp-json\/wp\/v2\/media?parent=212108"}],"wp:term":[{"taxonomy":"category","embeddable":true,"href":"https:\/\/www.europesays.com\/fr\/wp-json\/wp\/v2\/categories?post=212108"},{"taxonomy":"post_tag","embeddable":true,"href":"https:\/\/www.europesays.com\/fr\/wp-json\/wp\/v2\/tags?post=212108"}],"curies":[{"name":"wp","href":"https:\/\/api.w.org\/{rel}","templated":true}]}}