{"id":21211,"date":"2025-04-13T03:05:08","date_gmt":"2025-04-13T03:05:08","guid":{"rendered":"https:\/\/www.europesays.com\/fr\/21211\/"},"modified":"2025-04-13T03:05:08","modified_gmt":"2025-04-13T03:05:08","slug":"ratp-une-station-de-metro-de-paris-fermee-en-urgence-apres-un-degagement-de-fumee-deux-lignes-touchees","status":"publish","type":"post","link":"https:\/\/www.europesays.com\/fr\/21211\/","title":{"rendered":"RATP. Une station de m\u00e9tro de Paris ferm\u00e9e en urgence apr\u00e8s un d\u00e9gagement de fum\u00e9e, deux lignes touch\u00e9es"},"content":{"rendered":"<p>            Par<br \/>\n        <strong><br \/>\n            <a href=\"https:\/\/actu.fr\/auteur\/thomas-martin\" title=\"Consulter tous les articles de Thomas Martin\" target=\"_blank\" rel=\"noopener\">Thomas Martin<\/a><br \/>\n        <\/strong><\/p>\n<p>        Publi\u00e9 le<\/p>\n<p>            12 avr. 2025 \u00e0 15h01        <\/p>\n<p>Les acc\u00e8s \u00e0 la <strong>station Villiers<\/strong> (17e arrondissement) ont \u00e9t\u00e9 ferm\u00e9s ce samedi 12 avril, aux environs de 14h, apr\u00e8s qu\u2019un d\u00e9gagement de fum\u00e9e a \u00e9t\u00e9 constat\u00e9, annonce la <a href=\"https:\/\/actu.fr\/tag\/ratp\" target=\"_blank\" rel=\"noopener\">RATP<\/a> sur X. En cons\u00e9quence, les trains ne s\u2019arr\u00eatent plus dans cette station de m\u00e9tro de Paris o\u00f9 passent les rames des lignes 2 et 3. Les <a href=\"https:\/\/actu.fr\/tag\/brigade-de-sapeurs-pompiers-de-paris\" target=\"_blank\" rel=\"noopener\">pompiers<\/a> sont arriv\u00e9s sur place et sont en cours d\u2019intervention.\u00a0<\/p>\n<p class=\" wall-content\">\n<p class=\" wall-content\">Sur la ligne 2, le trafic est interrompu entre Barb\u00e8s \u2013 Rochechouart et Charles de Gaulle \u2013 Etoile. La reprise de la circulation est pr\u00e9vue pour 16h apr\u00e8s avoir \u00e9t\u00e9 annonc\u00e9e pour 15h environ.\u00a0<\/p>\n<p class=\" wall-content\">Quant \u00e0 la ligne 3, le trafic est interrompu entre Op\u00e9ra et Pereire. Une reprise \u00e0 15h30 est \u00e9voqu\u00e9e.\u00a0<\/p>\n<p class=\" wall-content\">Suivez toute l\u2019actualit\u00e9 de vos villes et m\u00e9dias favoris en vous inscrivant \u00e0 <a href=\"https:\/\/moncompte.actu.fr\" title=\"D\u00e9couvez Mon Actu\" rel=\"nofollow noopener\" data-trk=\"{&quot;cta&quot;:{&quot;action&quot;:&quot;https:\\\/\\\/moncompte.actu.fr&quot;,&quot;category&quot;:&quot;mon compte&quot;,&quot;from&quot;:&quot;article footer&quot;,&quot;name&quot;:&quot;Mon actu&quot;,&quot;type&quot;:&quot;cta&quot;}}\" target=\"_blank\">Mon Actu<\/a>.<\/p>\n","protected":false},"excerpt":{"rendered":"Par Thomas Martin Publi\u00e9 le 12 avr. 2025 \u00e0 15h01 Les acc\u00e8s \u00e0 la station Villiers (17e arrondissement)&hellip;\n","protected":false},"author":2,"featured_media":21212,"comment_status":"","ping_status":"","sticky":false,"template":"","format":"standard","meta":{"footnotes":""},"categories":[1888],"tags":[1111,1928,11,1927,3056,1777,674,118,1011,27,4047,12,1926,626,1925,625,25],"class_list":{"0":"post-21211","1":"post","2":"type-post","3":"status-publish","4":"format-standard","5":"has-post-thumbnail","7":"category-paris","8":"tag-actu","9":"tag-actu-paris","10":"tag-actualites","11":"tag-actualites-paris","12":"tag-brigade-de-sapeurs-pompiers-de-paris","13":"tag-eu","14":"tag-europe","15":"tag-faits-divers","16":"tag-fr","17":"tag-france","18":"tag-metro","19":"tag-news","20":"tag-news-paris","21":"tag-paris","22":"tag-paris-news","23":"tag-ratp","24":"tag-republique-francaise"},"share_on_mastodon":{"url":"https:\/\/pubeurope.com\/@fr\/114328444956166989","error":""},"_links":{"self":[{"href":"https:\/\/www.europesays.com\/fr\/wp-json\/wp\/v2\/posts\/21211","targetHints":{"allow":["GET"]}}],"collection":[{"href":"https:\/\/www.europesays.com\/fr\/wp-json\/wp\/v2\/posts"}],"about":[{"href":"https:\/\/www.europesays.com\/fr\/wp-json\/wp\/v2\/types\/post"}],"author":[{"embeddable":true,"href":"https:\/\/www.europesays.com\/fr\/wp-json\/wp\/v2\/users\/2"}],"replies":[{"embeddable":true,"href":"https:\/\/www.europesays.com\/fr\/wp-json\/wp\/v2\/comments?post=21211"}],"version-history":[{"count":0,"href":"https:\/\/www.europesays.com\/fr\/wp-json\/wp\/v2\/posts\/21211\/revisions"}],"wp:featuredmedia":[{"embeddable":true,"href":"https:\/\/www.europesays.com\/fr\/wp-json\/wp\/v2\/media\/21212"}],"wp:attachment":[{"href":"https:\/\/www.europesays.com\/fr\/wp-json\/wp\/v2\/media?parent=21211"}],"wp:term":[{"taxonomy":"category","embeddable":true,"href":"https:\/\/www.europesays.com\/fr\/wp-json\/wp\/v2\/categories?post=21211"},{"taxonomy":"post_tag","embeddable":true,"href":"https:\/\/www.europesays.com\/fr\/wp-json\/wp\/v2\/tags?post=21211"}],"curies":[{"name":"wp","href":"https:\/\/api.w.org\/{rel}","templated":true}]}}