{"id":212110,"date":"2025-06-29T00:24:15","date_gmt":"2025-06-29T00:24:15","guid":{"rendered":"https:\/\/www.europesays.com\/fr\/212110\/"},"modified":"2025-06-29T00:24:15","modified_gmt":"2025-06-29T00:24:15","slug":"metz-lauberge-du-mini-golf-a-rouvert-ses-portes-sur-lile-du-saulcy","status":"publish","type":"post","link":"https:\/\/www.europesays.com\/fr\/212110\/","title":{"rendered":"Metz. L\u2019Auberge du mini-golf a rouvert ses portes\u00a0sur l\u2019\u00cele du Saulcy"},"content":{"rendered":"<p>La r\u00e9ouverture de l\u2019Auberge du <a href=\"https:\/\/www.lasemaine.fr\/politique\/metz-qui-sera-le-gestionnaire-du-mini-golf-du-saulcy\/\" data-type=\"post\" data-id=\"331070\" rel=\"nofollow noopener\" target=\"_blank\">mini-golf<\/a> a \u00e9t\u00e9 officiellement marqu\u00e9e par une c\u00e9r\u00e9monie joyeuse, accueillant le public sur une nouvelle terrasse au bord de l\u2019eau.\u00a0<\/p>\n<p>Sous la direction de <a href=\"https:\/\/www.lasemaine.fr\/immobilier\/urbanisme\/moselle-leau-un-monument-de-la-ville-de-metz\/\" data-type=\"post\" data-id=\"369168\" rel=\"nofollow noopener\" target=\"_blank\">Loris\u202fLambert<\/a>, d\u00e9j\u00e0 connu pour son restaurant Le\u202fMartina, l\u2019\u00e9tablissement propose une v\u00e9randa et une terrasse repens\u00e9es pour profiter pleinement du cadre verdoyant. L\u2019offre culinaire s\u2019annonce conviviale, accessible et adapt\u00e9e \u00e0 la client\u00e8le estivale et familiale.\u00a0<\/p>\n<p>Une <a href=\"https:\/\/www.lasemaine.fr\/commerce\/metz-lauberge-du-mini-golf-cherche-son-repreneur\/\" data-type=\"post\" data-id=\"233427\" rel=\"nofollow noopener\" target=\"_blank\">adresse<\/a> \u00e0 ne pas manquer cet \u00e9t\u00e9 pour profiter d\u2019un cadre convivial et d\u2019une offre locale, \u00e0 deux pas du centre de Metz.<\/p>\n<p>Estelle Dubot Jardon<\/p>\n","protected":false},"excerpt":{"rendered":"La r\u00e9ouverture de l\u2019Auberge du mini-golf a \u00e9t\u00e9 officiellement marqu\u00e9e par une c\u00e9r\u00e9monie joyeuse, accueillant le public sur&hellip;\n","protected":false},"author":2,"featured_media":212111,"comment_status":"","ping_status":"","sticky":false,"template":"","format":"standard","meta":{"footnotes":""},"categories":[1418],"tags":[1011,27,1472,60],"class_list":{"0":"post-212110","1":"post","2":"type-post","3":"status-publish","4":"format-standard","5":"has-post-thumbnail","7":"category-golf","8":"tag-fr","9":"tag-france","10":"tag-golf","11":"tag-sports"},"share_on_mastodon":{"url":"https:\/\/pubeurope.com\/@fr\/114763809679694062","error":""},"_links":{"self":[{"href":"https:\/\/www.europesays.com\/fr\/wp-json\/wp\/v2\/posts\/212110","targetHints":{"allow":["GET"]}}],"collection":[{"href":"https:\/\/www.europesays.com\/fr\/wp-json\/wp\/v2\/posts"}],"about":[{"href":"https:\/\/www.europesays.com\/fr\/wp-json\/wp\/v2\/types\/post"}],"author":[{"embeddable":true,"href":"https:\/\/www.europesays.com\/fr\/wp-json\/wp\/v2\/users\/2"}],"replies":[{"embeddable":true,"href":"https:\/\/www.europesays.com\/fr\/wp-json\/wp\/v2\/comments?post=212110"}],"version-history":[{"count":0,"href":"https:\/\/www.europesays.com\/fr\/wp-json\/wp\/v2\/posts\/212110\/revisions"}],"wp:featuredmedia":[{"embeddable":true,"href":"https:\/\/www.europesays.com\/fr\/wp-json\/wp\/v2\/media\/212111"}],"wp:attachment":[{"href":"https:\/\/www.europesays.com\/fr\/wp-json\/wp\/v2\/media?parent=212110"}],"wp:term":[{"taxonomy":"category","embeddable":true,"href":"https:\/\/www.europesays.com\/fr\/wp-json\/wp\/v2\/categories?post=212110"},{"taxonomy":"post_tag","embeddable":true,"href":"https:\/\/www.europesays.com\/fr\/wp-json\/wp\/v2\/tags?post=212110"}],"curies":[{"name":"wp","href":"https:\/\/api.w.org\/{rel}","templated":true}]}}