{"id":212115,"date":"2025-06-29T00:29:13","date_gmt":"2025-06-29T00:29:13","guid":{"rendered":"https:\/\/www.europesays.com\/fr\/212115\/"},"modified":"2025-06-29T00:29:13","modified_gmt":"2025-06-29T00:29:13","slug":"nous-savions-quen-rythme-pur-nous-etions-bons-mais-nous-savons-que-marc-et-alex-marquez-etaient-plus-forts-fabio-quartararo","status":"publish","type":"post","link":"https:\/\/www.europesays.com\/fr\/212115\/","title":{"rendered":"\u00ab Nous savions qu&rsquo;en rythme pur, nous \u00e9tions bons, mais nous savons que Marc et \u00c1lex M\u00e1rquez \u00e9taient plus forts \u00bb &#8211; Fabio Quartararo"},"content":{"rendered":"<p><strong>Fabio Quartararo a admis que Yamaha continue de faire face \u00e0 d\u2019importantes difficult\u00e9s dans les sc\u00e9narios de course, \u00e9tant contraint de modifier constamment sa strat\u00e9gie en raison de la sup\u00e9riorit\u00e9 en puissance et en adh\u00e9rence des motos rivales.<\/strong><\/p>\n<p>Le pilote fran\u00e7ais a expliqu\u00e9 comment les limitations de la YZR-M1 deviennent plus \u00e9videntes pendant les courses, lorsque d\u2019autres pilotes peuvent pleinement exploiter la puissance de leurs machines. Cette situation oblige Yamaha \u00e0 adapter constamment son approche, l\u2019emp\u00eachant de suivre les lignes id\u00e9ales qui maximiseraient le potentiel de la moto.<\/p>\n<p>\u2018Nous travaillons dessus et essayons de comprendre ce que nous pouvons faire,\u2019 a d\u00e9clar\u00e9 Quartararo, reconnaissant les efforts de l\u2019\u00e9quipe pour trouver des solutions. Le Fran\u00e7ais a admis que bien que Yamaha soit comp\u00e9titif en termes de vitesse pure, les conditions de course r\u00e9v\u00e8lent les faiblesses de la machine japonaise face \u00e0 la concurrence.<\/p>\n<p>\u2018Nous savions qu\u2019en vitesse pure nous \u00e9tions bons, mais nous savons que Marc [Marquez], Alex [Marquez] \u00e9taient un peu plus forts dans certains domaines,\u2019 a-t-il expliqu\u00e9. \u2018Lorsque les conditions changent un peu, nous avons encore des difficult\u00e9s. Nous travaillons pour essayer de comprendre la situation et voir ce que nous pouvons accomplir.\u2019<\/p>\n<p>Le pilote Monster Energy Yamaha a conclu par une r\u00e9flexion sur la diff\u00e9rence entre \u00e9tablir des temps seuls et concourir dans une course, soulignant l\u2019\u00e9cart qui s\u00e9pare encore Yamaha de ses principaux rivaux. \u2018Faire son rythme seul est une chose, mais en course c\u2019est une autre histoire. C\u2019est pourquoi ils sont bien meilleurs que nous,\u2019 a conclu Quartararo, dans une analyse franche de l\u2019\u00e9tat actuel de son \u00e9quipe dans le championnat MotoGP.<\/p>\n","protected":false},"excerpt":{"rendered":"Fabio Quartararo a admis que Yamaha continue de faire face \u00e0 d\u2019importantes difficult\u00e9s dans les sc\u00e9narios de course,&hellip;\n","protected":false},"author":2,"featured_media":212116,"comment_status":"","ping_status":"","sticky":false,"template":"","format":"standard","meta":{"footnotes":""},"categories":[1413],"tags":[1680,1011,27,1457,1456,1458,60],"class_list":{"0":"post-212115","1":"post","2":"type-post","3":"status-publish","4":"format-standard","5":"has-post-thumbnail","7":"category-moto","8":"tag-fabio-quartararo","9":"tag-fr","10":"tag-france","11":"tag-moto","12":"tag-motocycle","13":"tag-motogp","14":"tag-sports"},"share_on_mastodon":{"url":"https:\/\/pubeurope.com\/@fr\/114763829388118922","error":""},"_links":{"self":[{"href":"https:\/\/www.europesays.com\/fr\/wp-json\/wp\/v2\/posts\/212115","targetHints":{"allow":["GET"]}}],"collection":[{"href":"https:\/\/www.europesays.com\/fr\/wp-json\/wp\/v2\/posts"}],"about":[{"href":"https:\/\/www.europesays.com\/fr\/wp-json\/wp\/v2\/types\/post"}],"author":[{"embeddable":true,"href":"https:\/\/www.europesays.com\/fr\/wp-json\/wp\/v2\/users\/2"}],"replies":[{"embeddable":true,"href":"https:\/\/www.europesays.com\/fr\/wp-json\/wp\/v2\/comments?post=212115"}],"version-history":[{"count":0,"href":"https:\/\/www.europesays.com\/fr\/wp-json\/wp\/v2\/posts\/212115\/revisions"}],"wp:featuredmedia":[{"embeddable":true,"href":"https:\/\/www.europesays.com\/fr\/wp-json\/wp\/v2\/media\/212116"}],"wp:attachment":[{"href":"https:\/\/www.europesays.com\/fr\/wp-json\/wp\/v2\/media?parent=212115"}],"wp:term":[{"taxonomy":"category","embeddable":true,"href":"https:\/\/www.europesays.com\/fr\/wp-json\/wp\/v2\/categories?post=212115"},{"taxonomy":"post_tag","embeddable":true,"href":"https:\/\/www.europesays.com\/fr\/wp-json\/wp\/v2\/tags?post=212115"}],"curies":[{"name":"wp","href":"https:\/\/api.w.org\/{rel}","templated":true}]}}