{"id":212123,"date":"2025-06-29T00:33:12","date_gmt":"2025-06-29T00:33:12","guid":{"rendered":"https:\/\/www.europesays.com\/fr\/212123\/"},"modified":"2025-06-29T00:33:12","modified_gmt":"2025-06-29T00:33:12","slug":"la-folie-des-schtroumfs-sest-emparee-de-bruxelles-ce-samedi-avec-une-rihanna-qui-sest-fait-longuement-desirer","status":"publish","type":"post","link":"https:\/\/www.europesays.com\/fr\/212123\/","title":{"rendered":"La folie des Schtroumfs s&rsquo;est empar\u00e9e de Bruxelles ce samedi avec une Rihanna qui s&rsquo;est fait longuement d\u00e9sirer"},"content":{"rendered":"<p class=\"ap-StoryElement ap-StoryElement--mb js-paywall-target ap-StoryText\">En haut des marches, l&rsquo;ambiance \u00e9tait tout autre. Les quelques chanceux que la s\u00e9curit\u00e9 a laiss\u00e9s passer se pressent derri\u00e8re les barri\u00e8res. Un DJ assure le show, tandis que deux pr\u00e9sentateurs transmettent en direct le d\u00e9roulement des \u00e9v\u00e9nements. Dommage pour les francophones, c&rsquo;est surtout en n\u00e9erlandais et en anglais qu&rsquo;ils s&rsquo;expriment. \u00c0 13 h 30 tapantes, les festivit\u00e9s d\u00e9butent. Des jeunes danseurs du ballet Morane pr\u00e9sentent une chor\u00e9graphie parfaitement orchestr\u00e9e, tandis que la Schtroumpfette et le Grand Schtroumpf vont \u00e0 la rencontre de la foule. Un interlude bon enfant qui laisse tr\u00e8s vite la place au monde du show-business. D\u00e8s 14 heures, les c\u00e9l\u00e9brit\u00e9s, tant attendues, font leur arriv\u00e9e.<\/p>\n<p>Du beau monde<\/p>\n<p class=\"ap-StoryElement ap-StoryElement--mb ap-StoryText\">C&rsquo;est Alvaro Soler qui ouvre le bal, dans un costume lign\u00e9 sobre et \u00e9l\u00e9gant. Les influenceurs, plus ou moins connus, prennent \u00e0 leur tour la pose au photocall. Notons la pr\u00e9sence de Ga\u00eblle Garcia Diaz, qui avait pour l&rsquo;occasion rev\u00eatu une robe sir\u00e8ne bleu ciel, et qui n&rsquo;a pas pu cacher sa joie. \u00ab\u00a0Je pense qu&rsquo;on attend tous la seule, l&rsquo;unique, la grande Riri. Je suis une grande fan 360. Que cela soit sa musique, ce qu&rsquo;elle v\u00e9hicule ou sa marque de maquillage. Je la trouve plus qu&rsquo;inspirante. C&rsquo;est une tr\u00e8s belle personne\u00a0\u00bb, nous confie-t-elle. Mais avant d&rsquo;avoir la chance de l&rsquo;apercevoir, il va falloir s&rsquo;armer de patience.<a href=\"https:\/\/www.parismatch.be\/actualites\/people\/2025\/06\/27\/voici-ou-sejournera-rihanna-a-bruxelles-et-elle-a-opte-pour-un-etablissement-de-grand-luxe-4JXLZWGNMZB2FPSDOK7VXCMAIA\/\" target=\"_blank\" rel=\"noopener\"> Rihanna <\/a>est connue pour ses retards, et son escapade en Belgique ne fait pas exception.<\/p>\n<p><img loading=\"lazy\" decoding=\"async\" class=\"w-full lazyload lazyload--opacity object-contain\" style=\"aspect-ratio:150 \/ 100;opacity:1\" alt=\"Rihanna et A$AP Rocky pr\u00e9sents \u00e0 l\u2019avant-premi\u00e8re du film Les Schtroumpfs, au pied du Mont des Arts \u00e0 Bruxelles. Un moment inattendu et magique en plein c\u0153ur de la capitale.\" width=\"768\" height=\"512\" fetchpriority=\"auto\" src=\"https:\/\/www.europesays.com\/fr\/wp-content\/uploads\/2025\/04\/1743933249_335_S5VKD3X55FFF3BW6V4SEHXNP7I.png\"  data- data-optimumx=\"1\"\/>Ga\u00eblle Garcia Diaz prend la pose \u00e0 l&rsquo;avant-premi\u00e8re des Schtroumfs \u00a9cameriere ennio<\/p>\n<p class=\"ap-StoryElement ap-StoryElement--mb ap-StoryText\">En attendant, les c\u00e9l\u00e9brit\u00e9s se succ\u00e8dent : Dan Levy, James Corden, DJ Snake\u2026 Des stars internationales, mais pas que, la Belgique est elle aussi mise \u00e0 l&rsquo;honneur. Les actrices Tania Garbarski et Virginie Hock, qui n&rsquo;a pas h\u00e9sit\u00e9 \u00e0 se d\u00e9hancher, ont \u00e9galement fait une apparition, ainsi que le r\u00e9alisateur Adil El Arbi. Et puis commencent la longue attente et l&rsquo;interrogation. Rihanna va-t-elle bien venir ? Une heure passe, puis une deuxi\u00e8me, et toujours rien. La zone commence \u00e0 se vider peu \u00e0 peu, des membres du staff finissent carr\u00e9ment par s&rsquo;asseoir sur les marches et le film, qui \u00e9tait au m\u00eame moment projet\u00e9, est sur le point de se finir. Le soleil tape, la chaleur se fait ressentir. Heureusement, des bouteilles d&rsquo;eau sont distribu\u00e9es. La chanteuse a-t-elle eu impr\u00e9vu ? Les sp\u00e9culations vont bon train. Les regards sont interrogateurs, mais personne, ni m\u00eame le staff de Paramount, ne sait ce qu&rsquo;il en est. 17 h 15, un combi de voitures aux vitres teint\u00e9es se garent au sommet des marches. Des cris stridents se font entendre, mais impossible d&rsquo;apercevoir quoi que ce soit, un amas personnes s&rsquo;est soudainement ru\u00e9 sur les marches et nous cache la vue. Apr\u00e8s encore plusieurs minutes d&rsquo;attente, celle qui s&rsquo;est fait d\u00e9sirer appara\u00eet enfin.<\/p>\n<p><a href=\"https:\/\/www.parismatch.be\/actualites\/people\/2025\/06\/28\/james-corden-dan-levy-alvaro-soler-les-stars-foulent-le-tapis-bleu-a-lavant-premiere-mondiale-des-schtroumpfs-STU547ODPJH3LBFIFSKFGODWYY\/\" target=\"_blank\" rel=\"noopener noreferrer\" class=\"ap-StoryInterstitialLink ap-StoryElement ap-StoryElement--mb\">Apr\u00e8s plus de deux heures d&rsquo;attente, Rihanna est enfin arriv\u00e9e sur le tapis bleu du Mont des Arts ! (photos)<\/a><\/p>\n<p class=\"ap-StoryElement ap-StoryElement--mb ap-StoryText\">Dans un ensemble bleu ciel, recouvert de perles et de plumes, Rihanna fait sensation en descendant les marches. Dans un subtil jeu de transparence, elle d\u00e9voile son ventre bien arrondi au bras de son conjoint, ASAP Rocky. Elle a beau avoir fait attendre tout le monde, tous les regards sont sur elle et elle s&rsquo;en amuse. Elle prend la pose \u00e0 c\u00f4t\u00e9 de la Schtroumpfette, \u00e0 qui elle pr\u00eate sa voix dans le film. \u00ab\u00a0Babe\u00a0\u00bb, s&rsquo;exclame-t-elle ensuite, priant le rappeur de la rejoindre. Regards complices et tendres accolades, les amoureux s&rsquo;affichent sans g\u00eane. Au bout de dix minutes top chrono, la star quitte finalement les lieux et laisse l&rsquo;assembl\u00e9e stup\u00e9faite. L&rsquo;attente fut longue, mais il faut bien le reconna\u00eetre, Rihanna a tout d&rsquo;une star. En quelques minutes \u00e0 peine, elle est parvenue \u00e0 cr\u00e9er une atmosph\u00e8re glamour digne d&rsquo;Hollywood. Derri\u00e8re les barri\u00e8res, plusieurs fans ne parviennent d&rsquo;ailleurs pas \u00e0 contenir leur \u00e9motion et fondent en larmes. Rihanna en Belgique, qu&rsquo;on l&rsquo;aime ou pas, c&rsquo;est quand m\u00eame un \u00e9v\u00e9nement majeur qui ne risque pas de se reproduire de sit\u00f4t.<\/p>\n","protected":false},"excerpt":{"rendered":"En haut des marches, l&rsquo;ambiance \u00e9tait tout autre. Les quelques chanceux que la s\u00e9curit\u00e9 a laiss\u00e9s passer se&hellip;\n","protected":false},"author":2,"featured_media":212124,"comment_status":"","ping_status":"","sticky":false,"template":"","format":"standard","meta":{"footnotes":""},"categories":[1359],"tags":[10903,650,58,59,1011,27,973,5418,35182],"class_list":{"0":"post-212123","1":"post","2":"type-post","3":"status-publish","4":"format-standard","5":"has-post-thumbnail","7":"category-people","8":"tag-avant-premiere","9":"tag-cinema","10":"tag-divertissement","11":"tag-entertainment","12":"tag-fr","13":"tag-france","14":"tag-people","15":"tag-rihanna","16":"tag-schtroumpfs"},"share_on_mastodon":{"url":"https:\/\/pubeurope.com\/@fr\/114763845118663031","error":""},"_links":{"self":[{"href":"https:\/\/www.europesays.com\/fr\/wp-json\/wp\/v2\/posts\/212123","targetHints":{"allow":["GET"]}}],"collection":[{"href":"https:\/\/www.europesays.com\/fr\/wp-json\/wp\/v2\/posts"}],"about":[{"href":"https:\/\/www.europesays.com\/fr\/wp-json\/wp\/v2\/types\/post"}],"author":[{"embeddable":true,"href":"https:\/\/www.europesays.com\/fr\/wp-json\/wp\/v2\/users\/2"}],"replies":[{"embeddable":true,"href":"https:\/\/www.europesays.com\/fr\/wp-json\/wp\/v2\/comments?post=212123"}],"version-history":[{"count":0,"href":"https:\/\/www.europesays.com\/fr\/wp-json\/wp\/v2\/posts\/212123\/revisions"}],"wp:featuredmedia":[{"embeddable":true,"href":"https:\/\/www.europesays.com\/fr\/wp-json\/wp\/v2\/media\/212124"}],"wp:attachment":[{"href":"https:\/\/www.europesays.com\/fr\/wp-json\/wp\/v2\/media?parent=212123"}],"wp:term":[{"taxonomy":"category","embeddable":true,"href":"https:\/\/www.europesays.com\/fr\/wp-json\/wp\/v2\/categories?post=212123"},{"taxonomy":"post_tag","embeddable":true,"href":"https:\/\/www.europesays.com\/fr\/wp-json\/wp\/v2\/tags?post=212123"}],"curies":[{"name":"wp","href":"https:\/\/api.w.org\/{rel}","templated":true}]}}