{"id":212129,"date":"2025-06-29T00:36:24","date_gmt":"2025-06-29T00:36:24","guid":{"rendered":"https:\/\/www.europesays.com\/fr\/212129\/"},"modified":"2025-06-29T00:36:24","modified_gmt":"2025-06-29T00:36:24","slug":"antoine-de-caunes-revient-sur-les-raisons-qui-lont-pousse-a-arreter-nulle-part-ailleurs","status":"publish","type":"post","link":"https:\/\/www.europesays.com\/fr\/212129\/","title":{"rendered":"Antoine de Caunes revient sur les raisons qui l&rsquo;ont pouss\u00e9 \u00e0 arr\u00eater Nulle part ailleurs"},"content":{"rendered":"<p>Invit\u00e9 ce samedi 28 juin 2025 sur le plateau de C l&rsquo;hebdo, Antoine de Caunes est revenu sur son d\u00e9part de Nulle part ailleurs, en 1995. L&rsquo;occasion pour l&rsquo;animateur-producteur d&rsquo;expliquer pourquoi il a pris cette d\u00e9cision \u00e0 l&rsquo;\u00e9poque.<\/p>\n<p>Nulle part ailleurs, <a href=\"https:\/\/www.programme-tv.net\/news\/tv\/352069-exclu-bientot-un-retour-de-nulle-part-ailleurs-jose-garcia-nous-explique-pourquoi-il-nest-pas-nostalgique\/\" data-api-deeplink=\"teleloisirs:\/\/news\/352069\" target=\"_blank\" rel=\"noopener\">une \u00e9mission cultissime de Canal+ qui a marqu\u00e9 les grandes heures de la cha\u00eene crypt\u00e9e<\/a>. Le talk-show m\u00ealant humour, s\u00e9quences, actualit\u00e9s, invit\u00e9s en tous genres \u00e9tait une r\u00e9f\u00e9rence sur le petit \u00e9cran entre les ann\u00e9es 1980 et 2000, avec aux manettes le trio de copains comiques <a href=\"https:\/\/www.programme-tv.net\/biographie\/1509-gildas-philippe\/\" data-link-people=\"d8fc09ae-5794-454d-bf81-773f5f95ce21\" target=\"_blank\" rel=\"noopener\">Philippe Gildas<\/a>, <a href=\"https:\/\/www.programme-tv.net\/biographie\/5395-garcia-jose\/\" data-link-people=\"38cc8e2b-2ace-4628-8348-e971fafc0344\" target=\"_blank\" rel=\"noopener\">Jos\u00e9 Garcia<\/a> et Antoine de Caunes. Ce dernier, qui a assur\u00e9 la pr\u00e9sentation et la production de l&rsquo;\u00e9mission, l&rsquo;a finalement abandonn\u00e9e en 1995, d\u00e9sireux de se lancer de nouveaux d\u00e9fis en dehors des plateaux TV. \u00ab\u00a0Rares sont les gens de ce m\u00e9tier qui quittent la t\u00e9l\u00e9vision. C&rsquo;est plus souvent elle qui les quitte. Mais c&rsquo;est une d\u00e9cision tr\u00e8s saine en fait d&rsquo;arr\u00eater les choses tant qu&rsquo;elles marchent pour se remettre en cause. J&rsquo;ai besoin de refaire mes preuves dans d&rsquo;autres domaines. C&rsquo;\u00e9tait devenu trop facile\u00a0\u00bb, avait-il expliqu\u00e9 aupr\u00e8s de Lib\u00e9ration il y a maintenant 30 ans, lui qui voulait alors se consacrer \u00e0 l&rsquo;\u00e9criture de fiction.<\/p>\n<p>                        Antoine de Caunes \u00ab\u00a0parti de sa propre volont\u00e9\u00a0\u00bb de Nulle part ailleurs<\/p>\n<p>Invit\u00e9 sur le plateau de C l&rsquo;hebdo ce samedi 28 juin 2025, Antoine de Caunes est revenu sur cet \u00e9pisode de sa carri\u00e8re et les raisons qui l&rsquo;ont pouss\u00e9 arr\u00eater <a href=\"https:\/\/www.programme-tv.net\/news\/tv\/345121-il-ny-avait-pas-dextincteur-jose-garcia-devoile-une-anecdote-hallucinante-sur-lemission-nulle-part-ailleurs-qui-aurait-pu-mal-tourner\/\" data-api-deeplink=\"teleloisirs:\/\/news\/345121\" target=\"_blank\" rel=\"noopener\">Nulle part ailleurs<\/a>. \u00ab\u00a0Je suis parti de ma propre volont\u00e9. J&rsquo;avais peur de commencer \u00e0 tourner en rond et de me r\u00e9p\u00e9ter. En m\u00eame temps on \u00e9tait tellement li\u00e9s et fusionnels avec cette bande, \u00e0 l&rsquo;\u00e9poque de Philippe [Gildas, <a href=\"https:\/\/www.programme-tv.net\/news\/people\/338851-cet-homme-me-manque-antoine-de-caunes-rend-un-vibrant-hommage-a-son-ami-philippe-gildas-cinq-ans-apres-sa-mort\/\" data-api-deeplink=\"teleloisirs:\/\/news\/338851\" target=\"_blank\" rel=\"noopener\">d\u00e9c\u00e9d\u00e9 en 2018 d&rsquo;un cancer du rein<\/a>]\u00a0\u00bb, a-t-il expliqu\u00e9. L&rsquo;animateur de 71 ans le reconna\u00eet : \u00ab\u00a0C&rsquo;\u00e9tait d\u00e9licat mais je n&rsquo;avais aucun doute : il fallait que je parte. Une fois que c&rsquo;est fait, c&rsquo;est fait !\u00a0\u00bb<\/p>\n<p>Antoine de Caunes : ce sketch d&rsquo;adieu durant lequel il a embrass\u00e9 son grand copain Gildas \u00e0 pleine bouche<\/p>\n<p>Tout bien consid\u00e9r\u00e9, de son propre aveu, ce n&rsquo;est pas tant le jour de ses adieux en plateau qui a \u00e9t\u00e9 le plus compliqu\u00e9 \u00e0 vivre. \u00ab\u00a0Ce qui est difficile c&rsquo;est l&rsquo;avant, les derniers jours, avoir \u00e0 se s\u00e9parer d&rsquo;une bande de gens qu&rsquo;on aime et avec qui on s&rsquo;entend tr\u00e8s bien, juste parce qu&rsquo;on a une esp\u00e8ce de n\u00e9cessit\u00e9 int\u00e9rieure \u00e0 se remettre en jeu\u00a0\u00bb, a-t-il poursuivi face \u00e0 <a href=\"https:\/\/www.programme-tv.net\/biographie\/290705-casse-aurelie\/\" data-link-people=\"fa9ee17f-62be-47fc-81ae-93c470d7a709\" target=\"_blank\" rel=\"noopener\">Aur\u00e9lie Casse<\/a> sur France 5. Lors de son ultime num\u00e9ro de Nulle part ailleurs, Antoine de Caunes avait livr\u00e9 un sketch en plateau avant d&rsquo;\u00eatre g\u00e9n\u00e9reusement applaudi par le public et les \u00e9quipes en coulisses. Une s\u00e9quence d\u2019adieu d\u00e9jant\u00e9e durant laquelle <a href=\"https:\/\/www.programme-tv.net\/news\/tv\/282491-le-contre-coup-etait-rude-antoine-de-caunes-a-vecu-une-periode-difficile-apres-larret-brutal-du-grand-journal-video\/\" data-api-deeplink=\"teleloisirs:\/\/news\/282491\" target=\"_blank\" rel=\"noopener\">celui qui animera bien plus tard Le Grand Journal<\/a> avait embrass\u00e9 son copain Philippe Gildas \u00e0 pleine bouche. \u00ab\u00a0J&rsquo;\u00e9tais tr\u00e8s \u00e9mu, je fais le malin mais je retenais mes larmes\u00a0\u00bb, a-t-il admis avec franchise sur le plateau de C l&rsquo;hebdo, en regardant \u00e0 nouveau ces images d&rsquo;archives.<\/p>\n","protected":false},"excerpt":{"rendered":"Invit\u00e9 ce samedi 28 juin 2025 sur le plateau de C l&rsquo;hebdo, Antoine de Caunes est revenu sur&hellip;\n","protected":false},"author":2,"featured_media":212130,"comment_status":"","ping_status":"","sticky":false,"template":"","format":"standard","meta":{"footnotes":""},"categories":[1356],"tags":[22724,244,58,59,1011,27,252,1364,1421],"class_list":{"0":"post-212129","1":"post","2":"type-post","3":"status-publish","4":"format-standard","5":"has-post-thumbnail","7":"category-television","8":"tag-antoine-de-caunes","9":"tag-commentaire","10":"tag-divertissement","11":"tag-entertainment","12":"tag-fr","13":"tag-france","14":"tag-television","15":"tag-tv","16":"tag-zap"},"share_on_mastodon":{"url":"https:\/\/pubeurope.com\/@fr\/114763857177990185","error":""},"_links":{"self":[{"href":"https:\/\/www.europesays.com\/fr\/wp-json\/wp\/v2\/posts\/212129","targetHints":{"allow":["GET"]}}],"collection":[{"href":"https:\/\/www.europesays.com\/fr\/wp-json\/wp\/v2\/posts"}],"about":[{"href":"https:\/\/www.europesays.com\/fr\/wp-json\/wp\/v2\/types\/post"}],"author":[{"embeddable":true,"href":"https:\/\/www.europesays.com\/fr\/wp-json\/wp\/v2\/users\/2"}],"replies":[{"embeddable":true,"href":"https:\/\/www.europesays.com\/fr\/wp-json\/wp\/v2\/comments?post=212129"}],"version-history":[{"count":0,"href":"https:\/\/www.europesays.com\/fr\/wp-json\/wp\/v2\/posts\/212129\/revisions"}],"wp:featuredmedia":[{"embeddable":true,"href":"https:\/\/www.europesays.com\/fr\/wp-json\/wp\/v2\/media\/212130"}],"wp:attachment":[{"href":"https:\/\/www.europesays.com\/fr\/wp-json\/wp\/v2\/media?parent=212129"}],"wp:term":[{"taxonomy":"category","embeddable":true,"href":"https:\/\/www.europesays.com\/fr\/wp-json\/wp\/v2\/categories?post=212129"},{"taxonomy":"post_tag","embeddable":true,"href":"https:\/\/www.europesays.com\/fr\/wp-json\/wp\/v2\/tags?post=212129"}],"curies":[{"name":"wp","href":"https:\/\/api.w.org\/{rel}","templated":true}]}}