{"id":212134,"date":"2025-06-29T00:40:09","date_gmt":"2025-06-29T00:40:09","guid":{"rendered":"https:\/\/www.europesays.com\/fr\/212134\/"},"modified":"2025-06-29T00:40:09","modified_gmt":"2025-06-29T00:40:09","slug":"om-jonathan-rowe-offre-leuro-espoirs-a-langleterre-face-a-lallemagne","status":"publish","type":"post","link":"https:\/\/www.europesays.com\/fr\/212134\/","title":{"rendered":"OM. Jonathan Rowe offre l&rsquo;Euro espoirs \u00e0 l&rsquo;Angleterre face \u00e0 l&rsquo;Allemagne"},"content":{"rendered":"<p>Sign\u00e9 Rowe. Alors qu&rsquo;il avait \u00e9t\u00e9 r\u00e9trograd\u00e9 sur le banc des rempla\u00e7ants apr\u00e8s avoir d\u00e9but\u00e9 la comp\u00e9tition dans la peau d&rsquo;un titulaire, le joueur de l&rsquo;OM a jou\u00e9 un r\u00f4le crucial <a href=\"https:\/\/www.laprovence.com\/article\/om\/1037086682866314\/om-langleterre-de-jonathan-rowe-et-cj-egan-riley-a-un-match-du-sacre-a-leuro-espoirs\" target=\"_blank\" rel=\"nofollow noopener\">dans la conqu\u00eate du championnat d&rsquo;Europe espoirs par l&rsquo;Angleterre.<\/a> Victorieux de la comp\u00e9tition face \u00e0 l&rsquo;Allemagne en finale au bout des prolongations, les Young Lions ont pu compter sur Jonathan Rowe pour aller chercher<strong>\u00a0<\/strong>leur quatri\u00e8me sacre dans cette comp\u00e9tition, le deuxi\u00e8me de suite apr\u00e8s de 2023.<\/p>\n<p>En effet, alors que les Anglais avaient parfaitement entam\u00e9 ce choc en ouvrant le score puis en doublant la mise gr\u00e2ce \u00e0 Elliott (5) et Hutchinson (24), ils ont \u00e9t\u00e9 rejoints au score par les Allemands apr\u00e8s les r\u00e9alisations de Weiper (45+1) et Nebel (61). Les deux formations ont donc eu besoin de plus de 90 minutes pour se d\u00e9partager, via les prolongations. <a href=\"https:\/\/www.laprovence.com\/article\/om\/1292923618624615\/om-rowe-amoureux-du-dribble-et-joueur-spectaculaire\" target=\"_blank\" rel=\"nofollow noopener\">C&rsquo;est \u00e0 ce moment-l\u00e0 que le Marseillais, arriv\u00e9 \u00e0 l&rsquo;\u00e9t\u00e9 2024 sur la Canebi\u00e8re,<\/a> a surgi de sa bo\u00eete.<\/p>\n<p>Entr\u00e9 en jeu en \u00e0 la 91e minute de jeu, Jonathan Rowe n&rsquo;a eu besoin que de quelques secondes pour se mettre en \u00e9vidence en inscrivant le but du 3 \u00e0 2 pour l&rsquo;Angleterre sur une t\u00eate plongeante (92). Une action synonyme de sacre pour ce dernier, mais \u00e9galement pour un autre olympien. <a href=\"https:\/\/www.laprovence.com\/article\/om\/44617391798565\/mercato-qui-est-cj-egan-riley-la-future-recrue-de-lom\" target=\"_blank\" rel=\"nofollow noopener\">Entr\u00e9 en jeu \u00e0 la 99e minute, CJ Egan-Riley, qui vient d&rsquo;arriver libre en provenance de Burnley,<\/a> fait partie \u00e9galement de sa prometteuse g\u00e9n\u00e9ration anglaise. L&rsquo;OM compte donc deux champions d&rsquo;Europe dans ses rangs.<\/p>\n","protected":false},"excerpt":{"rendered":"Sign\u00e9 Rowe. Alors qu&rsquo;il avait \u00e9t\u00e9 r\u00e9trograd\u00e9 sur le banc des rempla\u00e7ants apr\u00e8s avoir d\u00e9but\u00e9 la comp\u00e9tition dans&hellip;\n","protected":false},"author":2,"featured_media":212135,"comment_status":"","ping_status":"","sticky":false,"template":"","format":"standard","meta":{"footnotes":""},"categories":[9],"tags":[17,10940,1011,27,14171,35185,35184,5235,149,22385,60],"class_list":{"0":"post-212134","1":"post","2":"type-post","3":"status-publish","4":"format-standard","5":"has-post-thumbnail","7":"category-sports","8":"tag-17","9":"tag-espoirs","10":"tag-fr","11":"tag-france","12":"tag-jonathan","13":"tag-langleterre","14":"tag-leuro","15":"tag-offre","16":"tag-om","17":"tag-rowe","18":"tag-sports"},"share_on_mastodon":{"url":"https:\/\/pubeurope.com\/@fr\/114763872999544013","error":""},"_links":{"self":[{"href":"https:\/\/www.europesays.com\/fr\/wp-json\/wp\/v2\/posts\/212134","targetHints":{"allow":["GET"]}}],"collection":[{"href":"https:\/\/www.europesays.com\/fr\/wp-json\/wp\/v2\/posts"}],"about":[{"href":"https:\/\/www.europesays.com\/fr\/wp-json\/wp\/v2\/types\/post"}],"author":[{"embeddable":true,"href":"https:\/\/www.europesays.com\/fr\/wp-json\/wp\/v2\/users\/2"}],"replies":[{"embeddable":true,"href":"https:\/\/www.europesays.com\/fr\/wp-json\/wp\/v2\/comments?post=212134"}],"version-history":[{"count":0,"href":"https:\/\/www.europesays.com\/fr\/wp-json\/wp\/v2\/posts\/212134\/revisions"}],"wp:featuredmedia":[{"embeddable":true,"href":"https:\/\/www.europesays.com\/fr\/wp-json\/wp\/v2\/media\/212135"}],"wp:attachment":[{"href":"https:\/\/www.europesays.com\/fr\/wp-json\/wp\/v2\/media?parent=212134"}],"wp:term":[{"taxonomy":"category","embeddable":true,"href":"https:\/\/www.europesays.com\/fr\/wp-json\/wp\/v2\/categories?post=212134"},{"taxonomy":"post_tag","embeddable":true,"href":"https:\/\/www.europesays.com\/fr\/wp-json\/wp\/v2\/tags?post=212134"}],"curies":[{"name":"wp","href":"https:\/\/api.w.org\/{rel}","templated":true}]}}