{"id":212138,"date":"2025-06-29T00:42:10","date_gmt":"2025-06-29T00:42:10","guid":{"rendered":"https:\/\/www.europesays.com\/fr\/212138\/"},"modified":"2025-06-29T00:42:10","modified_gmt":"2025-06-29T00:42:10","slug":"disney-a-une-bonne-nouvelle-pour-les-abonnes-orange-et-sosh","status":"publish","type":"post","link":"https:\/\/www.europesays.com\/fr\/212138\/","title":{"rendered":"Disney+ a une bonne nouvelle pour les abonn\u00e9s Orange et Sosh"},"content":{"rendered":"<p class=\"sc-29e2a271-0 jjhUrQ\">Plusieurs moyens s&rsquo;offrent \u00e0 vous pour profiter de cette offre puisque l&rsquo;activation peut aussi bien se faire depuis votre d\u00e9codeur que votre espace client, accessible via le site internet de l&rsquo;op\u00e9rateur. Vous pouvez \u00e9galement recourir \u00e0 l&rsquo;application TV d&rsquo;Orange si vous le souhaitez, disponible depuis \u00e0 peu pr\u00e8s n&rsquo;importe quel appareil (TV, smartphone, tablette\u2026). <\/p>\n<p class=\"sc-29e2a271-0 jjhUrQ\">Ce n&rsquo;est pas tout, Orange a une autre bonne nouvelle, cette fois pour ses abonn\u00e9s Livebox Max. En plus de l&rsquo;offre pr\u00e9c\u00e9dente, ces derniers peuvent b\u00e9n\u00e9ficier d&rsquo;une remise \u00e0 vie de 5 euros sur leur abonnement Disney+, et ce, quelle que soit la formule. \u00c0 titre d&rsquo;exemple, si vous avez opt\u00e9 pour l&rsquo;abonnement Standard avec pub, le tarif de ce dernier sera seulement de 0,99 euro par mois apr\u00e8s les six premiers mois. Inutile de vous pr\u00e9ciser qu&rsquo;il s&rsquo;agit l\u00e0 d&rsquo;une offre tr\u00e8s attractive, bien que son terme soit fix\u00e9 \u00e0 mercredi prochain. Ne tardez donc pas trop si vous souhaitez en profiter.<\/p>\n","protected":false},"excerpt":{"rendered":"Plusieurs moyens s&rsquo;offrent \u00e0 vous pour profiter de cette offre puisque l&rsquo;activation peut aussi bien se faire depuis&hellip;\n","protected":false},"author":2,"featured_media":212139,"comment_status":"","ping_status":"","sticky":false,"template":"","format":"standard","meta":{"footnotes":""},"categories":[7],"tags":[1011,27,43,40,41,39,42,44],"class_list":{"0":"post-212138","1":"post","2":"type-post","3":"status-publish","4":"format-standard","5":"has-post-thumbnail","7":"category-sciences-et-technologies","8":"tag-fr","9":"tag-france","10":"tag-science","11":"tag-science-and-technology","12":"tag-sciences","13":"tag-sciences-et-technologies","14":"tag-technologies","15":"tag-technology"},"share_on_mastodon":{"url":"https:\/\/pubeurope.com\/@fr\/114763880461735112","error":""},"_links":{"self":[{"href":"https:\/\/www.europesays.com\/fr\/wp-json\/wp\/v2\/posts\/212138","targetHints":{"allow":["GET"]}}],"collection":[{"href":"https:\/\/www.europesays.com\/fr\/wp-json\/wp\/v2\/posts"}],"about":[{"href":"https:\/\/www.europesays.com\/fr\/wp-json\/wp\/v2\/types\/post"}],"author":[{"embeddable":true,"href":"https:\/\/www.europesays.com\/fr\/wp-json\/wp\/v2\/users\/2"}],"replies":[{"embeddable":true,"href":"https:\/\/www.europesays.com\/fr\/wp-json\/wp\/v2\/comments?post=212138"}],"version-history":[{"count":0,"href":"https:\/\/www.europesays.com\/fr\/wp-json\/wp\/v2\/posts\/212138\/revisions"}],"wp:featuredmedia":[{"embeddable":true,"href":"https:\/\/www.europesays.com\/fr\/wp-json\/wp\/v2\/media\/212139"}],"wp:attachment":[{"href":"https:\/\/www.europesays.com\/fr\/wp-json\/wp\/v2\/media?parent=212138"}],"wp:term":[{"taxonomy":"category","embeddable":true,"href":"https:\/\/www.europesays.com\/fr\/wp-json\/wp\/v2\/categories?post=212138"},{"taxonomy":"post_tag","embeddable":true,"href":"https:\/\/www.europesays.com\/fr\/wp-json\/wp\/v2\/tags?post=212138"}],"curies":[{"name":"wp","href":"https:\/\/api.w.org\/{rel}","templated":true}]}}