{"id":212148,"date":"2025-06-29T00:49:24","date_gmt":"2025-06-29T00:49:24","guid":{"rendered":"https:\/\/www.europesays.com\/fr\/212148\/"},"modified":"2025-06-29T00:49:24","modified_gmt":"2025-06-29T00:49:24","slug":"wolfsberger-rejette-loffre-de-saint-etienne-pour-agyemang","status":"publish","type":"post","link":"https:\/\/www.europesays.com\/fr\/212148\/","title":{"rendered":"Wolfsberger rejette l&rsquo;offre de Saint-\u00c9tienne pour Agyemang"},"content":{"rendered":"<p>Le club autrichien Wolfsberger AC, qui joue en premi\u00e8re division, a refus\u00e9 une offre d\u2019un million d\u2019euros de l\u2019AS Saint-\u00c9tienne, un club fran\u00e7ais de Ligue 2, pour le jeune Ghan\u00e9en <a href=\"https:\/\/africafoot.com\/tag\/emmanuel-agyemang\/\" data-wpel-link=\"internal\" target=\"_blank\" rel=\"noopener\">Emmanuel Ofori Agyemang<\/a>, selon des sources exclusives d\u2019Africafoot.<\/p>\n<p>Saint-\u00c9tienne a suivi de pr\u00e8s le joueur de 21 ans, le supervisant \u00e0 plusieurs reprises avec l\u2019objectif de le recruter durant ce mercato. Malgr\u00e9 une offre de la part des Verts, Wolfsberger a maintenu sa position et a refus\u00e9 le transfert.<\/p>\n<p>Des pourparlers sont en cours entre Wolfsberger et Agyemang pour une prolongation de contrat de quatre ans, l\u2019actuel arrivant \u00e0 \u00e9ch\u00e9ance en 2026, <a href=\"https:\/\/africafoot.com\/emmanuel-agyemang-en-passe-de-signer-son-1er-contrat-pro-au-wolfsberger-ac\/\" data-wpel-link=\"internal\" target=\"_blank\" rel=\"noopener\">selon les informations exclusives d\u2019Africafoot<\/a>. Parall\u00e8lement, une source exclusive proche de son agent, <a href=\"https:\/\/africafoot.com\/tag\/marcel-veerman\/\" data-wpel-link=\"internal\" target=\"_blank\" rel=\"noopener\">Marcel Veerman<\/a>, a r\u00e9v\u00e9l\u00e9 que la valeur du joueur est estim\u00e9e \u00e0 3 millions d\u2019euros par le club.<\/p>\n<p><img loading=\"lazy\" decoding=\"async\" class=\"wp-image-187208 size-full\" src=\"https:\/\/www.europesays.com\/fr\/wp-content\/uploads\/2025\/06\/Emmanuel-Ofori-Agyemang1.webp.webp\" alt=\"Emmanuel Ofori Agyemang\" width=\"900\" height=\"600\"  \/>Source : compte Instagram de Emmanuel Ofori Agyemang<\/p>\n<p>\u00a0Une source exclusive d\u2019Africafoot a d\u00e9clar\u00e9 :<\/p>\n<blockquote>\n<p>Saint-\u00c9tienne a fait son approche plus t\u00f4t vendredi avec une offre d\u2019un million d\u2019euros, mais elle a \u00e9t\u00e9 imm\u00e9diatement rejet\u00e9e par Wolfsberger avant toute n\u00e9gociation.<\/p>\n<p>Wolfsberger veut 3 millions d\u2019euros de la part de tout pr\u00e9tendant, mais ils veulent aussi garder le joueur, avec des discussions en cours pour un nouveau contrat de quatre ans. Saint-\u00c9tienne est susceptible de revenir avec une offre am\u00e9lior\u00e9e, sachant bien qu\u2019il y a d\u2019autres parties int\u00e9ress\u00e9es en Europe.<\/p>\n<\/blockquote>\n<p>D\u00e8s sa premi\u00e8re saison \u00e0 Wolfsberger, le milieu de terrain central a r\u00e9alis\u00e9 des performances remarquables, contribuant avec trois buts et six passes d\u00e9cisives en 28 matchs au sein de l\u2019\u00e9quipe premi\u00e8re. Il a aussi trouv\u00e9 le chemin des filets une fois en quatre rencontres avec l\u2019\u00e9quipe r\u00e9serve. Il est un produit de la prestigieuse West African Football Academy (WAFA).<\/p>\n<p>Malgr\u00e9 sa valeur marchande estim\u00e9e \u00e0 2 millions d\u2019euros par Transfermarkt, Agyemang n\u2019a pas encore \u00e9t\u00e9 s\u00e9lectionn\u00e9 en \u00e9quipe nationale senior, les Black Stars. Il demeure n\u00e9anmoins l\u2019un des jeunes talents les plus prometteurs du Ghana sur la sc\u00e8ne internationale.<\/p>\n","protected":false},"excerpt":{"rendered":"Le club autrichien Wolfsberger AC, qui joue en premi\u00e8re division, a refus\u00e9 une offre d\u2019un million d\u2019euros de&hellip;\n","protected":false},"author":2,"featured_media":212149,"comment_status":"","ping_status":"","sticky":false,"template":"","format":"standard","meta":{"footnotes":""},"categories":[9653],"tags":[1111,11,2430,1777,674,1011,27,12,25,4001],"class_list":{"0":"post-212148","1":"post","2":"type-post","3":"status-publish","4":"format-standard","5":"has-post-thumbnail","7":"category-saint-etienne","8":"tag-actu","9":"tag-actualites","10":"tag-auvergne-rhone-alpes","11":"tag-eu","12":"tag-europe","13":"tag-fr","14":"tag-france","15":"tag-news","16":"tag-republique-francaise","17":"tag-saint-etienne"},"share_on_mastodon":{"url":"https:\/\/pubeurope.com\/@fr\/114763908292790095","error":""},"_links":{"self":[{"href":"https:\/\/www.europesays.com\/fr\/wp-json\/wp\/v2\/posts\/212148","targetHints":{"allow":["GET"]}}],"collection":[{"href":"https:\/\/www.europesays.com\/fr\/wp-json\/wp\/v2\/posts"}],"about":[{"href":"https:\/\/www.europesays.com\/fr\/wp-json\/wp\/v2\/types\/post"}],"author":[{"embeddable":true,"href":"https:\/\/www.europesays.com\/fr\/wp-json\/wp\/v2\/users\/2"}],"replies":[{"embeddable":true,"href":"https:\/\/www.europesays.com\/fr\/wp-json\/wp\/v2\/comments?post=212148"}],"version-history":[{"count":0,"href":"https:\/\/www.europesays.com\/fr\/wp-json\/wp\/v2\/posts\/212148\/revisions"}],"wp:featuredmedia":[{"embeddable":true,"href":"https:\/\/www.europesays.com\/fr\/wp-json\/wp\/v2\/media\/212149"}],"wp:attachment":[{"href":"https:\/\/www.europesays.com\/fr\/wp-json\/wp\/v2\/media?parent=212148"}],"wp:term":[{"taxonomy":"category","embeddable":true,"href":"https:\/\/www.europesays.com\/fr\/wp-json\/wp\/v2\/categories?post=212148"},{"taxonomy":"post_tag","embeddable":true,"href":"https:\/\/www.europesays.com\/fr\/wp-json\/wp\/v2\/tags?post=212148"}],"curies":[{"name":"wp","href":"https:\/\/api.w.org\/{rel}","templated":true}]}}