{"id":21215,"date":"2025-04-13T03:07:35","date_gmt":"2025-04-13T03:07:35","guid":{"rendered":"https:\/\/www.europesays.com\/fr\/21215\/"},"modified":"2025-04-13T03:07:35","modified_gmt":"2025-04-13T03:07:35","slug":"de-la-prison-de-fresnes-au-lycee-henri-iv-la-vie-suit-son-cours-par-emmanuelle-lambert-liberation","status":"publish","type":"post","link":"https:\/\/www.europesays.com\/fr\/21215\/","title":{"rendered":"De la prison de Fresnes au lyc\u00e9e Henri-IV, la vie suit son cours, par Emmanuelle Lambert \u2013 Lib\u00e9ration"},"content":{"rendered":"<p class=\"sc-cPiKLX AiZTS text-element\"><b>A l\u2019occasion du Festival du livre de Paris les 11, 12 et 13 avril, nos journalistes c\u00e8dent la place \u00e0 des autrices et auteurs pour cette 18e \u00e9dition du <\/b><b>Lib\u00e9 des \u00e9crivain\u00b7es.<\/b><b> <\/b><a href=\"https:\/\/www.liberation.fr\/dossier\/libe-des-ecrivains\/\" target=\"_blank\" rel=\"noopener\"><b>Retrouvez tous les articles ici.<\/b><\/a><\/p>\n<p class=\"sc-cPiKLX AiZTS text-element\">En passant la porte du lyc\u00e9e Henri-IV (Paris, Ve arrondissement, \u00e0 c\u00f4t\u00e9 du Panth\u00e9on), je n\u2019\u00e9tais plus intimid\u00e9e. C\u2019\u00e9tait loin d\u2019\u00eatre le cas pour mon entr\u00e9e en classe pr\u00e9paratoire, il y a longtemps, <a href=\"https:\/\/www.liberation.fr\/societe\/education\/au-lycee-louis-le-grand-on-veut-montrer-que-meme-les-enfants-de-banquiers-ne-sont-pas-daccord-20230323_3GHJ5RXCIZA75GNELZITYXEYYY\/?redirected=1\" target=\"_blank\" rel=\"noopener\">au lyc\u00e9e Louis-Le-Grand<\/a> (Paris, Ve arrondissement, en face de la Sorbonne). J\u2019y ai fait la connaissance d\u2019Olivier. Original, d\u00e9tach\u00e9. Brillant, si brillant. Il est devenu ce que son excellence scolaire le portait \u00e0 \u00eatre : professeur de kh\u00e2gne (<a href=\"https:\/\/www.liberation.fr\/idees-et-debats\/tribunes\/la-prepa-litteraire-ecole-des-garcons-20210714_LLTCEJX6ARHKTD7J3AFRSUZONY\/\" target=\"_blank\" rel=\"noopener\">pr\u00e9pa litt\u00e9raire<\/a>), dans le lyc\u00e9e le plus prestigieux de France. Aupr\u00e8s du public scolaire le plus arm\u00e9 scolairement. Tout en haut.<\/p>\n<p class=\"sc-cPiKLX AiZTS text-element\">Au centre p\u00e9nitentiaire de Fresnes (Val-de-Marne, en face de l\u2019avenue de la Libert\u00e9), je n\u2019en menais pas large. Je venais y retrouver Tatiana, mon amie d\u2019adolescence rencontr\u00e9e au lyc\u00e9e Jean-Baptiste-Corot (Savigny-sur-Orge, Essonne, en face de<\/p>\n","protected":false},"excerpt":{"rendered":"A l\u2019occasion du Festival du livre de Paris les 11, 12 et 13 avril, nos journalistes c\u00e8dent la&hellip;\n","protected":false},"author":2,"featured_media":21216,"comment_status":"","ping_status":"","sticky":false,"template":"","format":"standard","meta":{"footnotes":""},"categories":[1888],"tags":[11,413,1122,1777,674,1011,27,6344,12,626,899,25],"class_list":{"0":"post-21215","1":"post","2":"type-post","3":"status-publish","4":"format-standard","5":"has-post-thumbnail","7":"category-paris","8":"tag-actualites","9":"tag-ca-va-mieux-lisant","10":"tag-ecole","11":"tag-eu","12":"tag-europe","13":"tag-fr","14":"tag-france","15":"tag-libe-des-ecrivains","16":"tag-news","17":"tag-paris","18":"tag-prisons","19":"tag-republique-francaise"},"share_on_mastodon":{"url":"https:\/\/pubeurope.com\/@fr\/114328452676320669","error":""},"_links":{"self":[{"href":"https:\/\/www.europesays.com\/fr\/wp-json\/wp\/v2\/posts\/21215","targetHints":{"allow":["GET"]}}],"collection":[{"href":"https:\/\/www.europesays.com\/fr\/wp-json\/wp\/v2\/posts"}],"about":[{"href":"https:\/\/www.europesays.com\/fr\/wp-json\/wp\/v2\/types\/post"}],"author":[{"embeddable":true,"href":"https:\/\/www.europesays.com\/fr\/wp-json\/wp\/v2\/users\/2"}],"replies":[{"embeddable":true,"href":"https:\/\/www.europesays.com\/fr\/wp-json\/wp\/v2\/comments?post=21215"}],"version-history":[{"count":0,"href":"https:\/\/www.europesays.com\/fr\/wp-json\/wp\/v2\/posts\/21215\/revisions"}],"wp:featuredmedia":[{"embeddable":true,"href":"https:\/\/www.europesays.com\/fr\/wp-json\/wp\/v2\/media\/21216"}],"wp:attachment":[{"href":"https:\/\/www.europesays.com\/fr\/wp-json\/wp\/v2\/media?parent=21215"}],"wp:term":[{"taxonomy":"category","embeddable":true,"href":"https:\/\/www.europesays.com\/fr\/wp-json\/wp\/v2\/categories?post=21215"},{"taxonomy":"post_tag","embeddable":true,"href":"https:\/\/www.europesays.com\/fr\/wp-json\/wp\/v2\/tags?post=21215"}],"curies":[{"name":"wp","href":"https:\/\/api.w.org\/{rel}","templated":true}]}}