{"id":212155,"date":"2025-06-29T01:00:29","date_gmt":"2025-06-29T01:00:29","guid":{"rendered":"https:\/\/www.europesays.com\/fr\/212155\/"},"modified":"2025-06-29T01:00:29","modified_gmt":"2025-06-29T01:00:29","slug":"au-rheu-le-son-dgaston-devoile-son-affiche","status":"publish","type":"post","link":"https:\/\/www.europesays.com\/fr\/212155\/","title":{"rendered":"Au Rheu, le Son d\u2019Gaston, d\u00e9voile son affiche"},"content":{"rendered":"<p>\u00a0La quatri\u00e8me \u00e9dition de notre festival, le <a href=\"https:\/\/lesondgaston.fr\/\" target=\"_blank\" rel=\"noopener\">Son D\u2019Gaston<\/a>, est en route et les r\u00e9servations ouvertes\u00a0\u00bb, soulignent, Jean-Louis Guiheneuf et Micha\u00ebl Raguenez, les deux co-pr\u00e9sidents de l\u2019association Smile qui porte l\u2019\u00e9v\u00e8nement.<\/p>\n<p>Coup de c\u0153ur, un trio f\u00e9minin<\/p>\n<p>Le choix du format de ce festival sur une longue soir\u00e9e, samedi 20\u00a0septembre 2025 au <a href=\"https:\/\/www.ouest-france.fr\/bretagne\/le-rheu-35650\/\" target=\"_blank\" rel=\"noopener\">Rheu<\/a> (Ille-et-Vilaine), de 18\u00a0h \u00e0 2\u00a0h du matin. \u00a0C\u2019est un choix auquel nous tenons, affirment les organisateurs. En plus, dans la p\u00e9riode actuelle d\u2019incertitude financi\u00e8re, il y a moins de risque.\u00a0 Les organisateurs ont l\u2019art de trouver des groupes qui valent le d\u00e9tour.<\/p>\n<p>Ce sera le cas avec le groupe Madam, de Toulouse (Haute-Garonne). \u00a0Le coup de c\u0153ur de l\u2019\u00e9quipe.\u00a0 C\u2019est un trio f\u00e9minin de noise rock. \u00a0Un groupe qui monte sur la sc\u00e8ne fran\u00e7aise.\u00a0 Les trois musiciennes et chanteuses \u00a0marqueront la soir\u00e9e,affirment les copr\u00e9sidents.Ce groupe surprend par son \u00e9nergie, elles feront un carton.\u00a0<\/p>\n<p>Chantel, une t\u00eate d\u2019affiche<\/p>\n<p>\u00c0 noter \u00e9galement la pr\u00e9sence de la t\u00eate d\u2019affiche Chantel. \u00a0C\u2019est l\u2019Europe cosmopolite, m\u00e9tiss\u00e9e.\u00a0 De la musique des Balkans avec de l\u2019\u00e9lectronique. \u00a0C\u2019est une chance de les voir au Rheu, c\u2019est un groupe \u00e0 dimension internationale.\u00a0 Pour lancer la soir\u00e9e, les organisateurs ont choisi, un jeune groupe, Miaou-Miaou, deux musiciens du Finist\u00e8re. \u00a0Compl\u00e8tement d\u00e9cal\u00e9\u00a0\u00bb, selon Micha\u00ebl Raguenez.<\/p>\n<p>Enfin, Benjamin EPPS viendra proposer du hip-hop. L\u2019artiste a d\u00e9j\u00e0 \u00e0 son actif de belles collaborations avec MC Solaar, par exemple. Et pour clore la soir\u00e9e, l\u2019\u00e9quipe a choisi une valeur s\u00fbre. \u00a0La Vilaine Radio revient avec trois\u00a0DJ talentueux, cr\u00e9atifs et exp\u00e9riment\u00e9s\u00a0\u00bb, assurent les organisateurs.<\/p>\n<p>1 000 m\u00b2 d\u2019espace couvert<\/p>\n<p>La nouveaut\u00e9\u00a0? \u00a01 000 m\u00b2 couvert sur le site du terrain stabilis\u00e9, gr\u00e2ce \u00e0 une ombri\u00e8re, se r\u00e9jouissent les copr\u00e9sidents. <strong>S<\/strong> i le temps n\u2019est pas tr\u00e8s beau, le pub lic pourra s\u2019y abriter.\u00a0  Sous cet espace couvert, les responsables ont pr\u00e9vu d\u2019installer des food-trucks, tables et bancs. L\u2019ambiance\u00a0?  \u00a0Nous la voulons toujours conviviale et familiale, gr\u00e2ce \u00e0 notre taille\u00a0<\/p>\n<p><strong>Samedi 20\u00a0septembre<\/strong>, festival le Son d\u2019Gaston, 18\u00a0h \u00e0 2\u00a0h, terrain stabilis\u00e9 avenue de la Bouvardi\u00e8re (derri\u00e8re l\u2019\u00e9cole de musique). Tarif\u00a0: 20\u00a0\u20ac, jusqu\u2019au jour J. Billetterie sur le site du Son D\u2019Gaston.<\/p>\n<p>\u00a0<\/p>\n","protected":false},"excerpt":{"rendered":"\u00a0La quatri\u00e8me \u00e9dition de notre festival, le Son D\u2019Gaston, est en route et les r\u00e9servations ouvertes\u00a0\u00bb, soulignent, Jean-Louis&hellip;\n","protected":false},"author":2,"featured_media":212156,"comment_status":"","ping_status":"","sticky":false,"template":"","format":"standard","meta":{"footnotes":""},"categories":[2821],"tags":[1111,11,2084,829,851,1777,674,1011,27,18626,12,3086,584,25,9578],"class_list":{"0":"post-212155","1":"post","2":"type-post","3":"status-publish","4":"format-standard","5":"has-post-thumbnail","7":"category-rennes","8":"tag-actu","9":"tag-actualites","10":"tag-affiche","11":"tag-bretagne","12":"tag-devoile","13":"tag-eu","14":"tag-europe","15":"tag-fr","16":"tag-france","17":"tag-gaston","18":"tag-news","19":"tag-redon","20":"tag-rennes","21":"tag-republique-francaise","22":"tag-rheu"},"share_on_mastodon":{"url":"https:\/\/pubeurope.com\/@fr\/114763951247198941","error":""},"_links":{"self":[{"href":"https:\/\/www.europesays.com\/fr\/wp-json\/wp\/v2\/posts\/212155","targetHints":{"allow":["GET"]}}],"collection":[{"href":"https:\/\/www.europesays.com\/fr\/wp-json\/wp\/v2\/posts"}],"about":[{"href":"https:\/\/www.europesays.com\/fr\/wp-json\/wp\/v2\/types\/post"}],"author":[{"embeddable":true,"href":"https:\/\/www.europesays.com\/fr\/wp-json\/wp\/v2\/users\/2"}],"replies":[{"embeddable":true,"href":"https:\/\/www.europesays.com\/fr\/wp-json\/wp\/v2\/comments?post=212155"}],"version-history":[{"count":0,"href":"https:\/\/www.europesays.com\/fr\/wp-json\/wp\/v2\/posts\/212155\/revisions"}],"wp:featuredmedia":[{"embeddable":true,"href":"https:\/\/www.europesays.com\/fr\/wp-json\/wp\/v2\/media\/212156"}],"wp:attachment":[{"href":"https:\/\/www.europesays.com\/fr\/wp-json\/wp\/v2\/media?parent=212155"}],"wp:term":[{"taxonomy":"category","embeddable":true,"href":"https:\/\/www.europesays.com\/fr\/wp-json\/wp\/v2\/categories?post=212155"},{"taxonomy":"post_tag","embeddable":true,"href":"https:\/\/www.europesays.com\/fr\/wp-json\/wp\/v2\/tags?post=212155"}],"curies":[{"name":"wp","href":"https:\/\/api.w.org\/{rel}","templated":true}]}}