{"id":212160,"date":"2025-06-29T01:03:23","date_gmt":"2025-06-29T01:03:23","guid":{"rendered":"https:\/\/www.europesays.com\/fr\/212160\/"},"modified":"2025-06-29T01:03:23","modified_gmt":"2025-06-29T01:03:23","slug":"le-capitaine-de-strasbourg-en-direction-de-sunderland","status":"publish","type":"post","link":"https:\/\/www.europesays.com\/fr\/212160\/","title":{"rendered":"le capitaine de Strasbourg en direction de Sunderland"},"content":{"rendered":"<p>Le S\u00e9n\u00e9galais Habib Diarra s\u2019appr\u00eate \u00e0 prendre la direction de l\u2019Angleterre.<\/p>\n<p class=\"fig-paragraph\">Le milieu de terrain s\u00e9n\u00e9galais (21 ans) devrait rejoindre le Sunderland de R\u00e9gis Le Bris, promu en Premier League. Selon le journaliste Fabrizio Romano, ce transfert devrait rapporter 31,5 millions d\u2019euros au Racing (+ 4 millions d\u2019euros de bonus), soit 37 M\u20ac, bonus inclus. Une vente record pour Strasbourg.<\/p>\n<p class=\"fig-paragraph\"><strong>\u00c0 VOIR AUSSI &#8211; <\/strong>Coupe du monde des clubs\u00a0: le Paris SG se pr\u00e9pare avant d\u2019affronter l\u2019Inter Miami en huiti\u00e8mes de finale<\/p>\n","protected":false},"excerpt":{"rendered":"Le S\u00e9n\u00e9galais Habib Diarra s\u2019appr\u00eate \u00e0 prendre la direction de l\u2019Angleterre. Le milieu de terrain s\u00e9n\u00e9galais (21 ans)&hellip;\n","protected":false},"author":2,"featured_media":212161,"comment_status":"","ping_status":"","sticky":false,"template":"","format":"standard","meta":{"footnotes":""},"categories":[2820],"tags":[1111,11,69,2261,1777,674,63,1011,27,775,3309,6201,453,66,446,1434,12,70,4448,25,67,640,969,10662],"class_list":{"0":"post-212160","1":"post","2":"type-post","3":"status-publish","4":"format-standard","5":"has-post-thumbnail","7":"category-strasbourg","8":"tag-actu","9":"tag-actualites","10":"tag-bundesliga","11":"tag-calcio","12":"tag-eu","13":"tag-europe","14":"tag-football","15":"tag-fr","16":"tag-france","17":"tag-grand-est","18":"tag-l1","19":"tag-l2","20":"tag-liga","21":"tag-ligue-1","22":"tag-ligue-2","23":"tag-mercato","24":"tag-news","25":"tag-premier-league","26":"tag-rc-strasbourg","27":"tag-republique-francaise","28":"tag-serie-a","29":"tag-strasbourg","30":"tag-transfert","31":"tag-transferts"},"share_on_mastodon":{"url":"https:\/\/pubeurope.com\/@fr\/114763963017348276","error":""},"_links":{"self":[{"href":"https:\/\/www.europesays.com\/fr\/wp-json\/wp\/v2\/posts\/212160","targetHints":{"allow":["GET"]}}],"collection":[{"href":"https:\/\/www.europesays.com\/fr\/wp-json\/wp\/v2\/posts"}],"about":[{"href":"https:\/\/www.europesays.com\/fr\/wp-json\/wp\/v2\/types\/post"}],"author":[{"embeddable":true,"href":"https:\/\/www.europesays.com\/fr\/wp-json\/wp\/v2\/users\/2"}],"replies":[{"embeddable":true,"href":"https:\/\/www.europesays.com\/fr\/wp-json\/wp\/v2\/comments?post=212160"}],"version-history":[{"count":0,"href":"https:\/\/www.europesays.com\/fr\/wp-json\/wp\/v2\/posts\/212160\/revisions"}],"wp:featuredmedia":[{"embeddable":true,"href":"https:\/\/www.europesays.com\/fr\/wp-json\/wp\/v2\/media\/212161"}],"wp:attachment":[{"href":"https:\/\/www.europesays.com\/fr\/wp-json\/wp\/v2\/media?parent=212160"}],"wp:term":[{"taxonomy":"category","embeddable":true,"href":"https:\/\/www.europesays.com\/fr\/wp-json\/wp\/v2\/categories?post=212160"},{"taxonomy":"post_tag","embeddable":true,"href":"https:\/\/www.europesays.com\/fr\/wp-json\/wp\/v2\/tags?post=212160"}],"curies":[{"name":"wp","href":"https:\/\/api.w.org\/{rel}","templated":true}]}}