{"id":212168,"date":"2025-06-29T01:07:18","date_gmt":"2025-06-29T01:07:18","guid":{"rendered":"https:\/\/www.europesays.com\/fr\/212168\/"},"modified":"2025-06-29T01:07:18","modified_gmt":"2025-06-29T01:07:18","slug":"fc-nantes-merci-avec-tout-mon-coeur-lemouvant-message-dadieu-de-pedro","status":"publish","type":"post","link":"https:\/\/www.europesays.com\/fr\/212168\/","title":{"rendered":"FC Nantes. \u00ab\u00a0Merci avec tout mon c\u0153ur\u00a0!\u00a0\u00bb\u00a0: l\u2019\u00e9mouvant message d\u2019adieu de Pedro"},"content":{"rendered":"<p>Pedro Chirivella, 28\u00a0ans, <a href=\"https:\/\/nantes.maville.com\/sport\/detail_-fc-nantes.-mercato-le-capitaine-des-canaris-sur-le-point-de-partir-lui-aussi-_8-6870826_actu.Htm\" target=\"_self\" rel=\"noopener\">a sign\u00e9 dans le club grec du Panathina\u00efkos.<\/a> Apr\u00e8s cinq saisons au FC Nantes, le milieu de terrain espagnol a publi\u00e9 un message d\u2019adieu sur ses r\u00e9seaux sociaux pour retracer son parcours avec le maillot jaune et dire merci \u00e0 tout le monde.<\/p>\n<p>Arriv\u00e9e, victoire en Coupe de France et \u00e9pop\u00e9e en Coupe d\u2019Europe avec Antoine Kombouar\u00e9, retour pr\u00e9cipit\u00e9 de blessure pour aider le club, capitanat sous Pierre Aristouy, maintiens difficiles\u2026 Il \u00e9voque les diff\u00e9rentes \u00e9tapes de son passage \u00e0 Nantes, marqu\u00e9 par 166\u00a0matches et 4\u00a0buts.<\/p>\n<blockquote class=\"instagram-media\" data-instgrm-captioned=\"\" data-instgrm-permalink=\"https:\/\/www.instagram.com\/reel\/DLcId0SM350\/?utm_source=ig_embed&amp;utm_campaign=loading\" data-instgrm-version=\"14\" style=\" background:#FFF; border:0; border-radius:3px; box-shadow:0 0 1px 0 rgba(0,0,0,0.5),0 1px 10px 0 rgba(0,0,0,0.15); margin: 1px; max-width:540px; min-width:326px; padding:0; width:99.375%; width:-webkit-calc(100% - 2px); width:calc(100% - 2px);\" wp_automatic_readability=\"-0.21875\"\/>\n<p>Pedro Chirivella, toujours impeccable dans sa communication, assure d\u00e8s le d\u00e9but de sa vid\u00e9o \u00eatre \u00a0tout de suite tomb\u00e9 amoureux de ce club, de cette ville et de ses habitants\u00a0.<\/p>\n<p>\u00ab\u00a0Vous m\u00e9ritez beaucoup mieux\u00a0\u00bb<\/p>\n<p>\u00a0D\u00e8s le premier jour, j\u2019ai pris conscience de l\u2019importance de Nantes et de la n\u00e9cessit\u00e9 de tout donner, dit-il. Aujourd\u2019hui, je pars avec la satisfaction d\u2019avoir contribu\u00e9 au maintien, m\u00eame si vous m\u00e9ritez beaucoup mieux\u00a0! Aux supporters, simplement merci. Vous \u00eates une composante essentielle du club. Vous avez fait de Nantes chez moi\u00a0! Un endroit o\u00f9\u00a0j\u2019aurais toujours envie de revenir et de c\u00e9l\u00e9brer les victoires nantaises. Merci avec tout mon c\u0153ur\u00a0!\u00a0<\/p>\n<blockquote class=\"instagram-media\" data-instgrm-captioned=\"\" data-instgrm-permalink=\"https:\/\/www.instagram.com\/p\/DLcIRnUMDZT\/?utm_source=ig_embed&amp;utm_campaign=loading\" data-instgrm-version=\"14\" style=\" background:#FFF; border:0; border-radius:3px; box-shadow:0 0 1px 0 rgba(0,0,0,0.5),0 1px 10px 0 rgba(0,0,0,0.15); margin: 1px; max-width:540px; min-width:326px; padding:0; width:99.375%; width:-webkit-calc(100% - 2px); width:calc(100% - 2px);\" wp_automatic_readability=\"-0.20588235294118\"\/>\n<p>\u00a0<\/p>\n<p>\t\t<script async src=\"\/\/www.instagram.com\/embed.js\"><\/script><\/p>\n","protected":false},"excerpt":{"rendered":"Pedro Chirivella, 28\u00a0ans, a sign\u00e9 dans le club grec du Panathina\u00efkos. Apr\u00e8s cinq saisons au FC Nantes, le&hellip;\n","protected":false},"author":2,"featured_media":212169,"comment_status":"","ping_status":"","sticky":false,"template":"","format":"standard","meta":{"footnotes":""},"categories":[2818],"tags":[1111,11,2063,1777,674,1011,27,1922,1393,2487,766,12,2636,1404,25,2923,3272,4251,853],"class_list":{"0":"post-212168","1":"post","2":"type-post","3":"status-publish","4":"format-standard","5":"has-post-thumbnail","7":"category-nantes","8":"tag-actu","9":"tag-actualites","10":"tag-annonces","11":"tag-eu","12":"tag-europe","13":"tag-fr","14":"tag-france","15":"tag-info","16":"tag-loisirs","17":"tag-meteo","18":"tag-nantes","19":"tag-news","20":"tag-pays-de-la-loire","21":"tag-quotidien","22":"tag-republique-francaise","23":"tag-restaurants","24":"tag-saint-nazaire","25":"tag-sortir","26":"tag-spectacles"},"share_on_mastodon":{"url":"https:\/\/pubeurope.com\/@fr\/114763978809492834","error":""},"_links":{"self":[{"href":"https:\/\/www.europesays.com\/fr\/wp-json\/wp\/v2\/posts\/212168","targetHints":{"allow":["GET"]}}],"collection":[{"href":"https:\/\/www.europesays.com\/fr\/wp-json\/wp\/v2\/posts"}],"about":[{"href":"https:\/\/www.europesays.com\/fr\/wp-json\/wp\/v2\/types\/post"}],"author":[{"embeddable":true,"href":"https:\/\/www.europesays.com\/fr\/wp-json\/wp\/v2\/users\/2"}],"replies":[{"embeddable":true,"href":"https:\/\/www.europesays.com\/fr\/wp-json\/wp\/v2\/comments?post=212168"}],"version-history":[{"count":0,"href":"https:\/\/www.europesays.com\/fr\/wp-json\/wp\/v2\/posts\/212168\/revisions"}],"wp:featuredmedia":[{"embeddable":true,"href":"https:\/\/www.europesays.com\/fr\/wp-json\/wp\/v2\/media\/212169"}],"wp:attachment":[{"href":"https:\/\/www.europesays.com\/fr\/wp-json\/wp\/v2\/media?parent=212168"}],"wp:term":[{"taxonomy":"category","embeddable":true,"href":"https:\/\/www.europesays.com\/fr\/wp-json\/wp\/v2\/categories?post=212168"},{"taxonomy":"post_tag","embeddable":true,"href":"https:\/\/www.europesays.com\/fr\/wp-json\/wp\/v2\/tags?post=212168"}],"curies":[{"name":"wp","href":"https:\/\/api.w.org\/{rel}","templated":true}]}}