{"id":212178,"date":"2025-06-29T01:13:16","date_gmt":"2025-06-29T01:13:16","guid":{"rendered":"https:\/\/www.europesays.com\/fr\/212178\/"},"modified":"2025-06-29T01:13:16","modified_gmt":"2025-06-29T01:13:16","slug":"nabandonnez-pas-votre-animal-actualites","status":"publish","type":"post","link":"https:\/\/www.europesays.com\/fr\/212178\/","title":{"rendered":"N&rsquo;abandonnez pas votre animal ! \/ Actualit\u00e9s"},"content":{"rendered":"<p>Le 28 juin est la Journ\u00e9e mondiale contre l\u2019abandon des animaux. Soyons tous vigilants !<\/p>\n<p>            <img loading=\"lazy\" decoding=\"async\" src=\"\/var\/www\/storage\/images\/mediatheque\/mairie-de-lille\/actualites\/images\/2023\/juin-2023\/chien-abandon\/3275878-3-fre-FR\/chien-abandon_news_image_top.jpg\" width=\"779\" height=\"519\" alt=\"\"\/><br \/>\n    \tThomas Lo Presti<\/p>\n<p>\nChaque \u00e9t\u00e9, <strong>des milliers d\u2019animaux sont abandonn\u00e9s<\/strong> juste avant les vacances. <br \/>\u00c0 Lille comme ailleurs, cette saison n\u00e9cessite <strong>une vigilance accrue<\/strong> de la part de tous. <br \/>En dehors des raisons de \u00ab confort \u00e9go\u00efste \u00bb ou d\u2019irresponsabilit\u00e9 en cette p\u00e9riode particuli\u00e8res, <strong>les causes d\u2019abandons peuvent \u00eatre complexes<\/strong> :<\/p>\n<ul class=\"listPuce\">\n<li>Des difficult\u00e9s financi\u00e8res (pr\u00e8s de 30\u202f% des cas),<\/li>\n<li>Une adoption mal pr\u00e9par\u00e9e, sans r\u00e9elle conscience des responsabilit\u00e9s,<\/li>\n<li>Des changements de vie non anticip\u00e9s ou non anticipables (d\u00e9m\u00e9nagement, hospitalisation longue dur\u00e9e, etc\u2026).<\/li>\n<\/ul>\n<p>Abandonnons l&rsquo;id\u00e9e d&rsquo;abandon !<\/p>\n<p>Avant une d\u00e9cision d\u00e9finitive, il existe des alternatives \u00e0 l\u2019abandon d\u2019un animal :<\/p>\n<ul class=\"listPuce\">\n<li><strong>Des dispositifs de soutien<\/strong> (comme l\u2019aide aux soins v\u00e9t\u00e9rinaires mise en place par la Ville de Lille pour les animaux des personnes en situation de pr\u00e9carit\u00e9, des formules associatives pour une garde temporaire),<\/li>\n<li><strong>Des professionnels et associations<\/strong> pour vous accompagner : v\u00e9t\u00e9rinaires, \u00e9ducateurs, comportementalistes, pensions pour animaux, familles d\u2019accueil temporaire, club d\u2019\u00e9ducation bienveillante, etc.<\/li>\n<\/ul>\n<p><strong>Vous \u00eates t\u00e9moin d\u2019un abandon ou d\u2019une situation de d\u00e9tresse animale<\/strong> \u00e0 l\u2019int\u00e9rieur d\u2019un logement inoccup\u00e9 pendant les vacances ? Vous \u00eates alors t\u00e9moin d\u2019une maltraitance sur un animal. Deux solutions : <strong>composez le 36 77<\/strong> pour signaler tout acte de maltraitance animale ou appeler la police municipale.<\/p>\n<p>Adopter, c&rsquo;est s&rsquo;engager<\/p>\n<p>L\u2019animal n\u2019est ni un effet de mode, ni un objet de convoitise ou de d\u00e9coration.<\/p>\n<p>\nL\u2019animal est un \u00eatre sensible, il ressent et partage des \u00e9motions. <br \/>Adopter, c\u2019est lui offrir une vie de bien-\u00eatre, c\u2019est aussi s\u2019offrir beaucoup de moments de d\u00e9couvertes ensemble, de complicit\u00e9 et de joie. <strong>L\u2019adoption est une promesse.<\/strong> <br \/>Il faut \u00eatre pr\u00eat \u00e0 assumer les besoins physiologiques de l\u2019animal, sa sant\u00e9, mais aussi pr\u00eat \u00e0 s\u2019enrichir de sa pr\u00e9sence et de son caract\u00e8re pour toute sa vie.<\/p>\n<p>En cette Journ\u00e9e mondiale contre l\u2019abandon des animaux de compagnie, soyons \u00e0 la hauteur :<\/p>\n<ul class=\"listPuce\">\n<li><strong>L\u2019abandon n\u2019est jamais la seule option.<\/strong><\/li>\n<li><strong>Des soutiens existent. Parlez-en autour de vous, parlons-en.<\/strong><\/li>\n<\/ul>\n<p><a href=\"https:\/\/www.lille.fr\/Actualites\/mailto:bienetreanimal@mairie-lille.fr\" title=\"Cliquez pour ouvrir votre messagerie\" target=\"_self\" class=\"lien_interne\" rel=\"noopener\">bienetreanimal@mairie-lille.fr<\/a>\u00a0<\/p>\n","protected":false},"excerpt":{"rendered":"Le 28 juin est la Journ\u00e9e mondiale contre l\u2019abandon des animaux. Soyons tous vigilants ! Thomas Lo Presti&hellip;\n","protected":false},"author":2,"featured_media":212179,"comment_status":"","ping_status":"","sticky":false,"template":"","format":"standard","meta":{"footnotes":""},"categories":[2815],"tags":[1111,11,4763,1777,674,1011,27,811,1307,5415,12,25],"class_list":{"0":"post-212178","1":"post","2":"type-post","3":"status-publish","4":"format-standard","5":"has-post-thumbnail","7":"category-lille","8":"tag-actu","9":"tag-actualites","10":"tag-agenda","11":"tag-eu","12":"tag-europe","13":"tag-fr","14":"tag-france","15":"tag-hauts-de-france","16":"tag-lille","17":"tag-mairie","18":"tag-news","19":"tag-republique-francaise"},"share_on_mastodon":{"url":"https:\/\/pubeurope.com\/@fr\/114764002410332984","error":""},"_links":{"self":[{"href":"https:\/\/www.europesays.com\/fr\/wp-json\/wp\/v2\/posts\/212178","targetHints":{"allow":["GET"]}}],"collection":[{"href":"https:\/\/www.europesays.com\/fr\/wp-json\/wp\/v2\/posts"}],"about":[{"href":"https:\/\/www.europesays.com\/fr\/wp-json\/wp\/v2\/types\/post"}],"author":[{"embeddable":true,"href":"https:\/\/www.europesays.com\/fr\/wp-json\/wp\/v2\/users\/2"}],"replies":[{"embeddable":true,"href":"https:\/\/www.europesays.com\/fr\/wp-json\/wp\/v2\/comments?post=212178"}],"version-history":[{"count":0,"href":"https:\/\/www.europesays.com\/fr\/wp-json\/wp\/v2\/posts\/212178\/revisions"}],"wp:featuredmedia":[{"embeddable":true,"href":"https:\/\/www.europesays.com\/fr\/wp-json\/wp\/v2\/media\/212179"}],"wp:attachment":[{"href":"https:\/\/www.europesays.com\/fr\/wp-json\/wp\/v2\/media?parent=212178"}],"wp:term":[{"taxonomy":"category","embeddable":true,"href":"https:\/\/www.europesays.com\/fr\/wp-json\/wp\/v2\/categories?post=212178"},{"taxonomy":"post_tag","embeddable":true,"href":"https:\/\/www.europesays.com\/fr\/wp-json\/wp\/v2\/tags?post=212178"}],"curies":[{"name":"wp","href":"https:\/\/api.w.org\/{rel}","templated":true}]}}